{"id":13716,"date":"2026-03-11T14:45:34","date_gmt":"2026-03-11T13:45:34","guid":{"rendered":"https:\/\/catholiques17.fr\/saintes\/?p=13716"},"modified":"2026-03-11T14:45:36","modified_gmt":"2026-03-11T13:45:36","slug":"journee-internationale-des-femmes","status":"publish","type":"post","link":"https:\/\/catholiques17.fr\/saintes\/journee-internationale-des-femmes\/","title":{"rendered":"Journ\u00e9e internationale des femmes"},"content":{"rendered":"\n<p>Le dimanche 8 mars 2026, \u00e0 l&rsquo;occasion de la Journ\u00e9e internationale des femmes, les Associ\u00e9s des Filles du Saint C\u0153ur de Marie de Saintes ont effectu\u00e9 une d\u00e9marche de Car\u00eame aupr\u00e8s d&rsquo;un groupe de dames de Bellevue. Ce f\u00fbt une grande joie pour elles.<br>Nous avons partag\u00e9 un go\u00fbter, partag\u00e9 des id\u00e9es et des r\u00e9alit\u00e9s de vie, partag\u00e9 des v\u00eatements et de la vaisselle.<br>Une rencontre de c\u0153ur \u00e0 c\u0153ur tr\u00e8s \u00e9mouvante mais tr\u00e8s riche de sens.<br>Que cette d\u00e9marche puisse porter des fruits en abondance et des fruits spirituels qui demeurent \u00e0 jamais.<br>Union priante.<\/p>\n\n\n\n<figure class=\"wp-block-image aligncenter size-full\"><img loading=\"lazy\" decoding=\"async\" width=\"800\" height=\"565\" src=\"https:\/\/catholiques17.fr\/saintes\/wp-content\/uploads\/sites\/3\/2026\/03\/WhatsApp-Image-2026-03-11-at-10.39.23_rotated_page-0001.jpg\" alt=\"\" class=\"wp-image-13719\" srcset=\"https:\/\/catholiques17.fr\/saintes\/wp-content\/uploads\/sites\/3\/2026\/03\/WhatsApp-Image-2026-03-11-at-10.39.23_rotated_page-0001.jpg 800w, https:\/\/catholiques17.fr\/saintes\/wp-content\/uploads\/sites\/3\/2026\/03\/WhatsApp-Image-2026-03-11-at-10.39.23_rotated_page-0001-480x339.jpg 480w\" sizes=\"(min-width: 0px) and (max-width: 480px) 480px, (min-width: 481px) 800px, 100vw\" \/><\/figure>\n\n\n\n<figure class=\"wp-block-image aligncenter size-full\"><img loading=\"lazy\" decoding=\"async\" width=\"800\" height=\"565\" src=\"https:\/\/catholiques17.fr\/saintes\/wp-content\/uploads\/sites\/3\/2026\/03\/WhatsApp-Image-2026-03-11-at-10.39.23-1_rotated_page-0001.jpg\" alt=\"\" class=\"wp-image-13720\" srcset=\"https:\/\/catholiques17.fr\/saintes\/wp-content\/uploads\/sites\/3\/2026\/03\/WhatsApp-Image-2026-03-11-at-10.39.23-1_rotated_page-0001.jpg 800w, https:\/\/catholiques17.fr\/saintes\/wp-content\/uploads\/sites\/3\/2026\/03\/WhatsApp-Image-2026-03-11-at-10.39.23-1_rotated_page-0001-480x339.jpg 480w\" sizes=\"(min-width: 0px) and (max-width: 480px) 480px, (min-width: 481px) 800px, 100vw\" \/><\/figure>\n\n\n\n<figure class=\"wp-block-image aligncenter size-full\"><img loading=\"lazy\" decoding=\"async\" width=\"800\" height=\"565\" src=\"https:\/\/catholiques17.fr\/saintes\/wp-content\/uploads\/sites\/3\/2026\/03\/WhatsApp-Image-2026-03-11-at-10.39.23-2_rotated_page-0001.jpg\" alt=\"\" class=\"wp-image-13721\" srcset=\"https:\/\/catholiques17.fr\/saintes\/wp-content\/uploads\/sites\/3\/2026\/03\/WhatsApp-Image-2026-03-11-at-10.39.23-2_rotated_page-0001.jpg 800w, https:\/\/catholiques17.fr\/saintes\/wp-content\/uploads\/sites\/3\/2026\/03\/WhatsApp-Image-2026-03-11-at-10.39.23-2_rotated_page-0001-480x339.jpg 480w\" sizes=\"(min-width: 0px) and (max-width: 480px) 480px, (min-width: 481px) 800px, 100vw\" \/><\/figure>\n","protected":false},"excerpt":{"rendered":"<p>Le dimanche 8 mars 2026, \u00e0 l&rsquo;occasion de la Journ\u00e9e internationale des femmes, les Associ\u00e9s des Filles du Saint C\u0153ur de Marie de Saintes ont effectu\u00e9 une d\u00e9marche de Car\u00eame [&hellip;]<\/p>\n","protected":false},"author":9,"featured_media":13718,"comment_status":"open","ping_status":"open","sticky":false,"template":"","format":"standard","meta":{"_et_pb_use_builder":"off","_et_pb_old_content":"","_et_gb_content_width":"","footnotes":""},"categories":[6],"tags":[],"class_list":["post-13716","post","type-post","status-publish","format-standard","has-post-thumbnail","hentry","category-actualite"],"_links":{"self":[{"href":"https:\/\/catholiques17.fr\/saintes\/wp-json\/wp\/v2\/posts\/13716","targetHints":{"allow":["GET"]}}],"collection":[{"href":"https:\/\/catholiques17.fr\/saintes\/wp-json\/wp\/v2\/posts"}],"about":[{"href":"https:\/\/catholiques17.fr\/saintes\/wp-json\/wp\/v2\/types\/post"}],"author":[{"embeddable":true,"href":"https:\/\/catholiques17.fr\/saintes\/wp-json\/wp\/v2\/users\/9"}],"replies":[{"embeddable":true,"href":"https:\/\/catholiques17.fr\/saintes\/wp-json\/wp\/v2\/comments?post=13716"}],"version-history":[{"count":1,"href":"https:\/\/catholiques17.fr\/saintes\/wp-json\/wp\/v2\/posts\/13716\/revisions"}],"predecessor-version":[{"id":13722,"href":"https:\/\/catholiques17.fr\/saintes\/wp-json\/wp\/v2\/posts\/13716\/revisions\/13722"}],"wp:featuredmedia":[{"embeddable":true,"href":"https:\/\/catholiques17.fr\/saintes\/wp-json\/wp\/v2\/media\/13718"}],"wp:attachment":[{"href":"https:\/\/catholiques17.fr\/saintes\/wp-json\/wp\/v2\/media?parent=13716"}],"wp:term":[{"taxonomy":"category","embeddable":true,"href":"https:\/\/catholiques17.fr\/saintes\/wp-json\/wp\/v2\/categories?post=13716"},{"taxonomy":"post_tag","embeddable":true,"href":"https:\/\/catholiques17.fr\/saintes\/wp-json\/wp\/v2\/tags?post=13716"}],"curies":[{"name":"wp","href":"https:\/\/api.w.org\/{rel}","templated":true}]}}