{"id":13689,"date":"2026-03-11T14:55:01","date_gmt":"2026-03-11T13:55:01","guid":{"rendered":"https:\/\/catholiques17.fr\/saintes\/?p=13689"},"modified":"2026-03-12T08:25:57","modified_gmt":"2026-03-12T07:25:57","slug":"pelerinage-des-peres-de-famille-4","status":"publish","type":"post","link":"https:\/\/catholiques17.fr\/saintes\/pelerinage-des-peres-de-famille-4\/","title":{"rendered":"P\u00e8lerinage des p\u00e8res de famille"},"content":{"rendered":"\n<p>JOIE d&rsquo;accueillir \u00e0 Saintes la centaine de p\u00e8res de famille du dioc\u00e8se en p\u00e9lerinage ce week-end, 14 et 15 mars, avec la pr\u00e9sence de Mgr Bozo, pour une marche de Pons \u00e0 Saintes.<\/p>\n\n\n\n<p>Tous les paroissiens sont invit\u00e9s \u00e0 la veill\u00e9e d&rsquo;adoration eucharistique \u00e0 l&rsquo;\u00e9glise Saint Pallais \u00e0 21h samedi.<\/p>\n\n\n\n<p>Messe \u00e0 11h \u00e0 lacath\u00e9drale dimanche, suivi du verre de l&rsquo;amiti\u00e9<\/p>\n\n\n\n<p>Th\u00e8me : transmettre la foi \u00e0 nos enfants \u00e0 la suite de Saint Joseph<\/p>\n\n\n\n<p><\/p>\n","protected":false},"excerpt":{"rendered":"<p>JOIE d&rsquo;accueillir \u00e0 Saintes la centaine de p\u00e8res de famille du dioc\u00e8se en p\u00e9lerinage ce week-end, 14 et 15 mars, avec la pr\u00e9sence de Mgr Bozo, pour une marche de [&hellip;]<\/p>\n","protected":false},"author":9,"featured_media":13605,"comment_status":"open","ping_status":"open","sticky":false,"template":"","format":"standard","meta":{"_et_pb_use_builder":"off","_et_pb_old_content":"","_et_gb_content_width":"","footnotes":""},"categories":[6],"tags":[],"class_list":["post-13689","post","type-post","status-publish","format-standard","has-post-thumbnail","hentry","category-actualite"],"_links":{"self":[{"href":"https:\/\/catholiques17.fr\/saintes\/wp-json\/wp\/v2\/posts\/13689","targetHints":{"allow":["GET"]}}],"collection":[{"href":"https:\/\/catholiques17.fr\/saintes\/wp-json\/wp\/v2\/posts"}],"about":[{"href":"https:\/\/catholiques17.fr\/saintes\/wp-json\/wp\/v2\/types\/post"}],"author":[{"embeddable":true,"href":"https:\/\/catholiques17.fr\/saintes\/wp-json\/wp\/v2\/users\/9"}],"replies":[{"embeddable":true,"href":"https:\/\/catholiques17.fr\/saintes\/wp-json\/wp\/v2\/comments?post=13689"}],"version-history":[{"count":3,"href":"https:\/\/catholiques17.fr\/saintes\/wp-json\/wp\/v2\/posts\/13689\/revisions"}],"predecessor-version":[{"id":13734,"href":"https:\/\/catholiques17.fr\/saintes\/wp-json\/wp\/v2\/posts\/13689\/revisions\/13734"}],"wp:featuredmedia":[{"embeddable":true,"href":"https:\/\/catholiques17.fr\/saintes\/wp-json\/wp\/v2\/media\/13605"}],"wp:attachment":[{"href":"https:\/\/catholiques17.fr\/saintes\/wp-json\/wp\/v2\/media?parent=13689"}],"wp:term":[{"taxonomy":"category","embeddable":true,"href":"https:\/\/catholiques17.fr\/saintes\/wp-json\/wp\/v2\/categories?post=13689"},{"taxonomy":"post_tag","embeddable":true,"href":"https:\/\/catholiques17.fr\/saintes\/wp-json\/wp\/v2\/tags?post=13689"}],"curies":[{"name":"wp","href":"https:\/\/api.w.org\/{rel}","templated":true}]}}