{"id":13599,"date":"2026-03-30T11:15:01","date_gmt":"2026-03-30T09:15:01","guid":{"rendered":"https:\/\/catholiques17.fr\/saintes\/?p=13599"},"modified":"2026-03-30T11:15:03","modified_gmt":"2026-03-30T09:15:03","slug":"vivre-le-careme-cette-semaine","status":"publish","type":"post","link":"https:\/\/catholiques17.fr\/saintes\/vivre-le-careme-cette-semaine\/","title":{"rendered":"SEMAINE SAINTE"},"content":{"rendered":"\n<p class=\"has-vivid-purple-color has-text-color has-link-color has-medium-font-size wp-elements-810f6c8e13ca161cef1a5f8aaf9941a0\"><strong>Semaine Sainte<\/strong><\/p>\n\n\n\n<p><strong>Lundi Saint, 30 mars,<\/strong>                                                                                                                                                                                                        Messe Chrismale, 17h30, Cath\u00e9drale Saint Louis de la Rochelle<\/p>\n\n\n\n<p><strong>Jeudi Saint, 2 avril<\/strong>,                                                                                                                                                                                                                20h \u00e0 l&rsquo;Abbaye aux Dames<\/p>\n\n\n\n<p><strong>Vendredi Saint, 3 avril<\/strong>,                                                                                                                                                                                                                           C\u00e9l\u00e9bration oecum\u00e9nique \u00e0 12h30 au Temple de Saintes                                                                                                                                   Office de la Passion \u00e0 20h Cath\u00e9drale Saint Pierre de Saintes    <\/p>\n\n\n\n<p><strong>Samedi Saint, 4 avril<\/strong>, Feu Nouveau \u00e0 21h \u00e0 l&rsquo;Abbaye aux Dames,                                                                                                          puis procession vers la cath\u00e9drale                                                                                                                                                            Office des Vigiles Pascales \u00e0 21h30 Cath\u00e9drale Saint Pierre   <\/p>\n\n\n\n<p><strong>Dimanche de P\u00e2ques, 5 avril,<\/strong>                                                                                                                                                                            9h30 \u00e0 Nieul les Saintes, Pessines et aux Gonds                                                                                                                                                         10h30 Abbaye aux Dames                                                                                                                                                                                                     11h cath\u00e9dale Saint Pierre                                                                                           <\/p>\n\n\n\n<p class=\"has-vivid-purple-color has-text-color has-link-color has-medium-font-size wp-elements-56f4b2e55f36876019814654eec64d4f\"><strong>Sacrement du pardon<\/strong><\/p>\n\n\n\n<p>Samedi de 10h30 \u00e0 12h \u00e0 la cath\u00e9drale Saint Pierre<\/p>\n\n\n\n<p class=\"has-vivid-purple-color has-text-color has-link-color has-medium-font-size wp-elements-afb32d86b15a60b0b5837be43d4d6bcf\"><strong>Office des Laudes et Messe \u00e0 l&rsquo;\u00e9glise Saint Vivien<\/strong> :<\/p>\n\n\n\n<p>du mardi au samedi \u00e0 8h30<\/p>\n\n\n\n<p class=\"has-vivid-purple-color has-text-color has-link-color has-medium-font-size wp-elements-5a7ba84fc0e39b85023c70c5060c717e\"><strong>Groupe de pri\u00e8re ALEGRIA<\/strong><\/p>\n\n\n\n<p>lundi 30 mars de 20h \u00e0 21h en l&rsquo;\u00e9glise Saint Vivien<\/p>\n\n\n\n<p class=\"has-text-align-left has-vivid-purple-color has-text-color has-link-color has-small-font-size wp-elements-ccd0792feadcb5fcc5bac31004837e63\"><a href=\"https:\/\/jeunessedulevant.org\/\">https:\/\/jeunessedulevant.org\/<\/a><\/p>\n\n\n\n<figure class=\"wp-block-image aligncenter size-full\"><img loading=\"lazy\" decoding=\"async\" width=\"457\" height=\"147\" src=\"https:\/\/catholiques17.fr\/saintes\/wp-content\/uploads\/sites\/3\/2026\/02\/jeunesse-du-levant-1.jpg\" alt=\"\" class=\"wp-image-13624\" srcset=\"https:\/\/catholiques17.fr\/saintes\/wp-content\/uploads\/sites\/3\/2026\/02\/jeunesse-du-levant-1.jpg 457w, https:\/\/catholiques17.fr\/saintes\/wp-content\/uploads\/sites\/3\/2026\/02\/jeunesse-du-levant-1-300x96.jpg 300w\" sizes=\"(max-width: 457px) 100vw, 457px\" \/><\/figure>\n","protected":false},"excerpt":{"rendered":"<p>Semaine Sainte Lundi Saint, 30 mars, Messe Chrismale, 17h30, Cath\u00e9drale Saint Louis de la Rochelle Jeudi Saint, 2 avril, 20h \u00e0 l&rsquo;Abbaye aux Dames Vendredi Saint, 3 avril, C\u00e9l\u00e9bration oecum\u00e9nique [&hellip;]<\/p>\n","protected":false},"author":9,"featured_media":13600,"comment_status":"open","ping_status":"open","sticky":false,"template":"","format":"standard","meta":{"_et_pb_use_builder":"off","_et_pb_old_content":"","_et_gb_content_width":"","footnotes":""},"categories":[6],"tags":[],"class_list":["post-13599","post","type-post","status-publish","format-standard","has-post-thumbnail","hentry","category-actualite"],"_links":{"self":[{"href":"https:\/\/catholiques17.fr\/saintes\/wp-json\/wp\/v2\/posts\/13599","targetHints":{"allow":["GET"]}}],"collection":[{"href":"https:\/\/catholiques17.fr\/saintes\/wp-json\/wp\/v2\/posts"}],"about":[{"href":"https:\/\/catholiques17.fr\/saintes\/wp-json\/wp\/v2\/types\/post"}],"author":[{"embeddable":true,"href":"https:\/\/catholiques17.fr\/saintes\/wp-json\/wp\/v2\/users\/9"}],"replies":[{"embeddable":true,"href":"https:\/\/catholiques17.fr\/saintes\/wp-json\/wp\/v2\/comments?post=13599"}],"version-history":[{"count":11,"href":"https:\/\/catholiques17.fr\/saintes\/wp-json\/wp\/v2\/posts\/13599\/revisions"}],"predecessor-version":[{"id":13826,"href":"https:\/\/catholiques17.fr\/saintes\/wp-json\/wp\/v2\/posts\/13599\/revisions\/13826"}],"wp:featuredmedia":[{"embeddable":true,"href":"https:\/\/catholiques17.fr\/saintes\/wp-json\/wp\/v2\/media\/13600"}],"wp:attachment":[{"href":"https:\/\/catholiques17.fr\/saintes\/wp-json\/wp\/v2\/media?parent=13599"}],"wp:term":[{"taxonomy":"category","embeddable":true,"href":"https:\/\/catholiques17.fr\/saintes\/wp-json\/wp\/v2\/categories?post=13599"},{"taxonomy":"post_tag","embeddable":true,"href":"https:\/\/catholiques17.fr\/saintes\/wp-json\/wp\/v2\/tags?post=13599"}],"curies":[{"name":"wp","href":"https:\/\/api.w.org\/{rel}","templated":true}]}}