{"id":11095,"global_id":"catholiques17.fr\/saintes?id=11095","global_id_lineage":["catholiques17.fr\/saintes?id=11095"],"author":"9","status":"publish","date":"2024-11-14 19:11:10","date_utc":"2024-11-14 18:11:10","modified":"2024-11-14 19:11:10","modified_utc":"2024-11-14 18:11:10","url":"https:\/\/catholiques17.fr\/saintes\/event\/halte-spi-proposee-par-le-chemin-ignatien-ancres-dans-lesperance\/","rest_url":"https:\/\/catholiques17.fr\/saintes\/wp-json\/tribe\/events\/v1\/events\/11095","title":"Halte Spi propos\u00e9e par le Chemin Ignatien : \u00ab\u00a0Ancr\u00e9s dans l&rsquo;ESPERANCE\u00a0\u00bb","description":"<p>Halte spirituelle propos\u00e9e par le\u00a0Chemin Ignatien 17 \u00e0 l\u2019occasion de l\u2019Avent,<\/p>\n<p>de 9h30 \u00e0 16h30 le 30 novembre \u00e0 la Maison Dioc\u00e9saine de Saintes<\/p>\n<p>&nbsp;<\/p>","excerpt":"","slug":"halte-spi-proposee-par-le-chemin-ignatien-ancres-dans-lesperance","image":{"url":"https:\/\/catholiques17.fr\/saintes\/wp-content\/uploads\/sites\/3\/2024\/11\/Invitation-Halte-Spi-2024-V2_page-0001.jpg","id":11097,"extension":"jpg","width":566,"height":800,"filesize":82963,"sizes":{"medium":{"width":212,"height":300,"mime-type":"image\/jpeg","filesize":17487,"url":"https:\/\/catholiques17.fr\/saintes\/wp-content\/uploads\/sites\/3\/2024\/11\/Invitation-Halte-Spi-2024-V2_page-0001-212x300.jpg"},"thumbnail":{"width":150,"height":150,"mime-type":"image\/jpeg","filesize":7695,"url":"https:\/\/catholiques17.fr\/saintes\/wp-content\/uploads\/sites\/3\/2024\/11\/Invitation-Halte-Spi-2024-V2_page-0001-150x150.jpg"},"et-pb-post-main-image":{"width":400,"height":250,"mime-type":"image\/jpeg","filesize":25588,"url":"https:\/\/catholiques17.fr\/saintes\/wp-content\/uploads\/sites\/3\/2024\/11\/Invitation-Halte-Spi-2024-V2_page-0001-400x250.jpg"},"et-pb-post-main-image-fullwidth":{"width":566,"height":675,"mime-type":"image\/jpeg","filesize":79032,"url":"https:\/\/catholiques17.fr\/saintes\/wp-content\/uploads\/sites\/3\/2024\/11\/Invitation-Halte-Spi-2024-V2_page-0001-566x675.jpg"},"et-pb-portfolio-image":{"width":400,"height":284,"mime-type":"image\/jpeg","filesize":28083,"url":"https:\/\/catholiques17.fr\/saintes\/wp-content\/uploads\/sites\/3\/2024\/11\/Invitation-Halte-Spi-2024-V2_page-0001-400x284.jpg"},"et-pb-portfolio-module-image":{"width":510,"height":382,"mime-type":"image\/jpeg","filesize":41362,"url":"https:\/\/catholiques17.fr\/saintes\/wp-content\/uploads\/sites\/3\/2024\/11\/Invitation-Halte-Spi-2024-V2_page-0001-510x382.jpg"},"et-pb-gallery-module-image-portrait":{"width":400,"height":516,"mime-type":"image\/jpeg","filesize":46288,"url":"https:\/\/catholiques17.fr\/saintes\/wp-content\/uploads\/sites\/3\/2024\/11\/Invitation-Halte-Spi-2024-V2_page-0001-400x516.jpg"},"et-pb-image--responsive--phone":{"width":480,"height":678,"mime-type":"image\/jpeg","filesize":60803,"url":"https:\/\/catholiques17.fr\/saintes\/wp-content\/uploads\/sites\/3\/2024\/11\/Invitation-Halte-Spi-2024-V2_page-0001-480x678.jpg"}}},"all_day":false,"start_date":"2024-11-30 09:30:00","start_date_details":{"year":"2024","month":"11","day":"30","hour":"09","minutes":"30","seconds":"00"},"end_date":"2024-11-30 16:30:00","end_date_details":{"year":"2024","month":"11","day":"30","hour":"16","minutes":"30","seconds":"00"},"utc_start_date":"2024-11-30 08:30:00","utc_start_date_details":{"year":"2024","month":"11","day":"30","hour":"08","minutes":"30","seconds":"00"},"utc_end_date":"2024-11-30 15:30:00","utc_end_date_details":{"year":"2024","month":"11","day":"30","hour":"15","minutes":"30","seconds":"00"},"timezone":"Europe\/Paris","timezone_abbr":"CET","cost":"","cost_details":{"currency_symbol":"\u20ac","currency_code":"USD","currency_position":"suffix","values":[]},"website":"","show_map":true,"show_map_link":true,"hide_from_listings":false,"sticky":false,"featured":false,"categories":[],"tags":[],"venue":{"id":5823,"author":"4","status":"publish","date":"2022-03-17 09:10:07","date_utc":"2022-03-17 08:10:07","modified":"2022-03-17 09:10:07","modified_utc":"2022-03-17 08:10:07","url":"https:\/\/catholiques17.fr\/saintes\/lieu\/maison-diocesaine\/","venue":"Maison dioc\u00e9saine","slug":"maison-diocesaine","address":"6 all\u00e9e du S\u00e9minaire","city":"Saintes","country":"France","zip":"17100","json_ld":{"@type":"Place","name":"Maison dioc\u00e9saine","description":"","url":"","address":{"@type":"PostalAddress","streetAddress":"6 all\u00e9e du S\u00e9minaire","addressLocality":"Saintes","postalCode":"17100","addressCountry":"France"},"telephone":"","sameAs":""},"show_map":true,"show_map_link":true,"global_id":"catholiques17.fr\/saintes?id=5823","global_id_lineage":["catholiques17.fr\/saintes?id=5823"]},"organizer":[],"custom_fields":[],"json_ld":{"@context":"http:\/\/schema.org","@type":"Event","name":"Halte Spi propos\u00e9e par le Chemin Ignatien : \u00ab\u00a0Ancr\u00e9s dans l&rsquo;ESPERANCE\u00a0\u00bb","description":"&lt;p&gt;Halte spirituelle propos\u00e9e par le\u00a0Chemin Ignatien 17 \u00e0 l\u2019occasion de l\u2019Avent, de 9h30 \u00e0 16h30 le 30 novembre \u00e0 la Maison Dioc\u00e9saine de Saintes &nbsp;&lt;\/p&gt;\\n","image":"https:\/\/catholiques17.fr\/saintes\/wp-content\/uploads\/sites\/3\/2024\/11\/Invitation-Halte-Spi-2024-V2_page-0001.jpg","url":"https:\/\/catholiques17.fr\/saintes\/event\/halte-spi-proposee-par-le-chemin-ignatien-ancres-dans-lesperance\/","eventAttendanceMode":"https:\/\/schema.org\/OfflineEventAttendanceMode","eventStatus":"https:\/\/schema.org\/EventScheduled","startDate":"2024-11-30T09:30:00+01:00","endDate":"2024-11-30T16:30:00+01:00","location":{"@type":"Place","name":"Maison dioc\u00e9saine","description":"","url":"","address":{"@type":"PostalAddress","streetAddress":"6 all\u00e9e du S\u00e9minaire","addressLocality":"Saintes","postalCode":"17100","addressCountry":"France"},"telephone":"","sameAs":""},"performer":"Organization"}}