{"id":8348,"date":"2026-04-27T01:26:47","date_gmt":"2026-04-26T23:26:47","guid":{"rendered":"https:\/\/catholiques17.fr\/sainte-soulle\/?p=8348"},"modified":"2026-04-27T01:33:07","modified_gmt":"2026-04-26T23:33:07","slug":"la-pentecote-approche-a-grand-pas","status":"publish","type":"post","link":"https:\/\/catholiques17.fr\/sainte-soulle\/2026\/04\/27\/la-pentecote-approche-a-grand-pas\/","title":{"rendered":"La Pentec\u00f4te approche \u00e0 grand pas"},"content":{"rendered":"\n<div style=\"height:100px\" aria-hidden=\"true\" class=\"wp-block-spacer\"><\/div>\n\n\n<h3 style=\"text-align: center\"><span style=\"color: #ff6600\"><strong>La f\u00eate de la Pentec\u00f4te approche.<\/strong><\/span><\/h3>\n<h3 style=\"text-align: center\"><span style=\"color: #ff6600\"><strong>Grand rendez-vous de la vie chr\u00e9tienne o\u00f9 l&rsquo;Eglise c\u00e9l\u00e8bre le don de <\/strong><strong>l&rsquo;Esprit Saint aux ap\u00f4tres.<\/strong><\/span><\/h3>\n<p>\u00a0<\/p>\n\n\n<div class=\"wp-block-group is-layout-constrained wp-block-group-is-layout-constrained\">\n<div class=\"wp-block-group is-layout-constrained wp-block-group-is-layout-constrained\">\n<p style=\"text-align: center\"><strong>Cinquante<\/strong> jours apr\u00e8s <strong>P\u00e2ques<\/strong>, les disciples<br \/>r\u00e9unis autour de la Vierge Marie re\u00e7oivent la <strong>force<\/strong> et la <strong>lumi\u00e8re<\/strong> promise par le christ.<br \/>Remplis de <strong>l&rsquo;Esprit Saint<\/strong>, ils sortent annoncer la Bonne Nouvelle avec courage et joie.<\/p>\n<p>\u00a0<\/p>\n<p style=\"text-align: center\">La <strong>Pentec\u00f4te<\/strong> est souvent consid\u00e9r\u00e9e comme la naissance de l&rsquo;Eglise,<br \/>appel\u00e9 \u00e0 porter<strong> l&rsquo;Evangile<\/strong> au monde entier.<\/p>\n<\/div>\n<\/div>\n\n\n\n<pre class=\"wp-block-verse has-text-align-center\"><br><br><\/pre>\n\n\n\n<hr class=\"wp-block-separator has-alpha-channel-opacity is-style-wide\" \/>\n\n\n\n<div style=\"height:86px\" aria-hidden=\"true\" class=\"wp-block-spacer\"><\/div>\n\n\n<h3 style=\"text-align: center\"><span style=\"color: #ff6600\"><strong>Un temps de joie pour notre paroisse<\/strong><\/span><\/h3>\n<p>\u00a0<\/p>\n\n<p style=\"text-align: center\">Cette ann\u00e9e, la joie de la <strong>Pentec\u00f4te<\/strong> sera encore plus grande pour notre communaut\u00e9, puisque nous c\u00e9l\u00e9brerons \u00e9galement <strong>deux confirmands de notre paroisse<\/strong>, qui recevront prochainement le sacrement de la confirmation \u00e0 <strong>Saintes<\/strong>.<br \/><br \/>Nous les portons dans la pri\u00e8re alors qu&rsquo;ils avancent vers cette belle \u00e9tape de foi, marqu\u00e9e par le don de l&rsquo;Esprit Saint.<\/p>\n<p>\u00a0<\/p>\n\n\n<p><\/p>\n\n\n\n<p><\/p>\n\n\n\n<hr class=\"wp-block-separator has-alpha-channel-opacity is-style-wide\" \/>\n\n\n\n<div style=\"height:101px\" aria-hidden=\"true\" class=\"wp-block-spacer\"><\/div>\n\n\n<h3 style=\"text-align: center\"><span style=\"color: #ff6600\"><strong>Pr\u00e9parons nos c\u0153urs<\/strong><\/span><\/h3>\n<p>\u00a0<\/p>\n\n<p style=\"text-align: center\">A l&rsquo;approche de cette grande <strong>f\u00eate<\/strong>, nous sommes invit\u00e9s \u00e0 ouvrir nos c\u0153urs \u00e0 l&rsquo;action de <strong>l&rsquo;Esprit Saint<\/strong>, dans la pri\u00e8re, la confiance et l&rsquo;esp\u00e9rance.<br \/><br \/>Nous vous attendons nombreux pour c\u00e9l\u00e9brer ensemble la <strong>Pentec\u00f4te<\/strong> dans la joie.<\/p>\n\n\n<div style=\"height:95px\" aria-hidden=\"true\" class=\"wp-block-spacer\"><\/div>\n\n\n\n<p><\/p>\n\n\n\n<hr class=\"wp-block-separator has-alpha-channel-opacity is-style-wide\" \/>\n\n\n\n<div style=\"height:83px\" aria-hidden=\"true\" class=\"wp-block-spacer\"><\/div>\n\n\n\n<div class=\"wp-block-group is-layout-flow wp-block-group-is-layout-flow\">\n<p class=\"has-text-align-center has-vivid-red-color has-text-color has-link-color wp-elements-b9778a7b912778d346eff501e72f8427\" style=\"font-size:26px\"><strong>Viens, Esprit Saint, embraser nos c\u0153urs !<\/strong><\/p>\n<\/div>\n","protected":false},"excerpt":{"rendered":"<p>La f\u00eate de la Pentec\u00f4te approche. Grand rendez-vous de la vie chr\u00e9tienne o\u00f9 l&rsquo;Eglise c\u00e9l\u00e8bre le don de l&rsquo;Esprit Saint aux ap\u00f4tres. \u00a0 Cinquante jours apr\u00e8s P\u00e2ques, les disciplesr\u00e9unis autour [&hellip;]<\/p>\n","protected":false},"author":94,"featured_media":8349,"comment_status":"open","ping_status":"open","sticky":false,"template":"","format":"standard","meta":{"_et_pb_use_builder":"off","_et_pb_old_content":"","_et_gb_content_width":"","footnotes":""},"categories":[6,28,30],"tags":[],"class_list":["post-8348","post","type-post","status-publish","format-standard","has-post-thumbnail","hentry","category-actualite","category-information","category-priere"],"_links":{"self":[{"href":"https:\/\/catholiques17.fr\/sainte-soulle\/wp-json\/wp\/v2\/posts\/8348","targetHints":{"allow":["GET"]}}],"collection":[{"href":"https:\/\/catholiques17.fr\/sainte-soulle\/wp-json\/wp\/v2\/posts"}],"about":[{"href":"https:\/\/catholiques17.fr\/sainte-soulle\/wp-json\/wp\/v2\/types\/post"}],"author":[{"embeddable":true,"href":"https:\/\/catholiques17.fr\/sainte-soulle\/wp-json\/wp\/v2\/users\/94"}],"replies":[{"embeddable":true,"href":"https:\/\/catholiques17.fr\/sainte-soulle\/wp-json\/wp\/v2\/comments?post=8348"}],"version-history":[{"count":7,"href":"https:\/\/catholiques17.fr\/sainte-soulle\/wp-json\/wp\/v2\/posts\/8348\/revisions"}],"predecessor-version":[{"id":8356,"href":"https:\/\/catholiques17.fr\/sainte-soulle\/wp-json\/wp\/v2\/posts\/8348\/revisions\/8356"}],"wp:featuredmedia":[{"embeddable":true,"href":"https:\/\/catholiques17.fr\/sainte-soulle\/wp-json\/wp\/v2\/media\/8349"}],"wp:attachment":[{"href":"https:\/\/catholiques17.fr\/sainte-soulle\/wp-json\/wp\/v2\/media?parent=8348"}],"wp:term":[{"taxonomy":"category","embeddable":true,"href":"https:\/\/catholiques17.fr\/sainte-soulle\/wp-json\/wp\/v2\/categories?post=8348"},{"taxonomy":"post_tag","embeddable":true,"href":"https:\/\/catholiques17.fr\/sainte-soulle\/wp-json\/wp\/v2\/tags?post=8348"}],"curies":[{"name":"wp","href":"https:\/\/api.w.org\/{rel}","templated":true}]}}