{"id":8310,"date":"2026-04-26T23:41:00","date_gmt":"2026-04-26T21:41:00","guid":{"rendered":"https:\/\/catholiques17.fr\/sainte-soulle\/?p=8310"},"modified":"2026-04-26T23:42:07","modified_gmt":"2026-04-26T21:42:07","slug":"retour-sur-le-pelerinage-paroissial-a-lile-madame","status":"publish","type":"post","link":"https:\/\/catholiques17.fr\/sainte-soulle\/2026\/04\/26\/retour-sur-le-pelerinage-paroissial-a-lile-madame\/","title":{"rendered":"Retour sur le p\u00e8lerinage paroissial \u00e0 l&rsquo;\u00eele Madame"},"content":{"rendered":"\n<div style=\"height:61px\" aria-hidden=\"true\" class=\"wp-block-spacer\"><\/div>\n\n\n\n<blockquote class=\"wp-block-quote is-layout-flow wp-block-quote-is-layout-flow\">\n<p class=\"has-luminous-vivid-orange-color has-text-color has-link-color wp-elements-9c54c700452b8b1bfef795238f0b4a9d\">Samedi 25 avril 2026<\/p>\n\n\n\n<div style=\"height:0px\" aria-hidden=\"true\" class=\"wp-block-spacer\"><\/div>\n<\/blockquote>\n\n\n\n<div style=\"height:21px\" aria-hidden=\"true\" class=\"wp-block-spacer\"><\/div>\n\n\n\n<figure class=\"wp-block-pullquote\" style=\"font-size:16px\"><blockquote><p>Ce samedi, notre groupe paroissial a v\u00e9cu une tr\u00e8s belle journ\u00e9e de p\u00e8lerinage \u00e0 l&rsquo;\u00eele Madame, plac\u00e9e sous le signe de la pri\u00e8re, de la fraternit\u00e9 et de la joie partag\u00e9e.<\/p><\/blockquote><\/figure>\n\n\n\n<div style=\"height:61px\" aria-hidden=\"true\" class=\"wp-block-spacer\"><\/div>\n\n\n\n<div class=\"wp-block-media-text is-stacked-on-mobile is-image-fill-element\" style=\"grid-template-columns:46% auto\"><figure class=\"wp-block-media-text__media\"><img loading=\"lazy\" decoding=\"async\" width=\"684\" height=\"800\" src=\"https:\/\/catholiques17.fr\/sainte-soulle\/wp-content\/uploads\/sites\/14\/2026\/04\/IMG-20260426-WA0170.jpg\" alt=\"\" class=\"wp-image-8311 size-full\" style=\"object-position:50% 50%\" srcset=\"https:\/\/catholiques17.fr\/sainte-soulle\/wp-content\/uploads\/sites\/14\/2026\/04\/IMG-20260426-WA0170.jpg 684w, https:\/\/catholiques17.fr\/sainte-soulle\/wp-content\/uploads\/sites\/14\/2026\/04\/IMG-20260426-WA0170-480x561.jpg 480w\" sizes=\"(min-width: 0px) and (max-width: 480px) 480px, (min-width: 481px) 684px, 100vw\" \/><\/figure><div class=\"wp-block-media-text__content\">\n<p>La journ\u00e9e a d\u00e9but\u00e9 par une <strong>messe<\/strong> c\u00e9l\u00e9br\u00e9e \u00e0 11h15, anim\u00e9e par le <strong>P\u00e8re Jean<\/strong>, dans un climat chaleureux.<\/p>\n<\/div><\/div>\n\n\n\n<div style=\"height:92px\" aria-hidden=\"true\" class=\"wp-block-spacer\"><\/div>\n\n\n\n<div class=\"wp-block-media-text has-media-on-the-right is-stacked-on-mobile\"><div class=\"wp-block-media-text__content\">\n<p>Apr\u00e8s la c\u00e9l\u00e9bration, chacun a pu profiter d&rsquo;un <strong>pique-nique<\/strong> convivial, suivi d&rsquo;un temps de d\u00e9tente autour du <strong>jeux biblique<\/strong>, sous la forme d&rsquo;un <strong>jeu de piste<\/strong> organis\u00e9 sur le sanctuaire. Un moment \u00e0 la fois ludique et enrichissant, appr\u00e9ci\u00e9 par les petits et grands.<\/p>\n<\/div><figure class=\"wp-block-media-text__media\"><img loading=\"lazy\" decoding=\"async\" width=\"800\" height=\"475\" src=\"https:\/\/catholiques17.fr\/sainte-soulle\/wp-content\/uploads\/sites\/14\/2026\/04\/IMG-20260426-WA0239.jpg\" alt=\"\" class=\"wp-image-8312 size-full\" srcset=\"https:\/\/catholiques17.fr\/sainte-soulle\/wp-content\/uploads\/sites\/14\/2026\/04\/IMG-20260426-WA0239.jpg 800w, https:\/\/catholiques17.fr\/sainte-soulle\/wp-content\/uploads\/sites\/14\/2026\/04\/IMG-20260426-WA0239-480x285.jpg 480w\" sizes=\"(min-width: 0px) and (max-width: 480px) 480px, (min-width: 481px) 800px, 100vw\" \/><\/figure><\/div>\n\n\n\n<div style=\"height:95px\" aria-hidden=\"true\" class=\"wp-block-spacer\"><\/div>\n\n\n\n<figure class=\"wp-block-gallery has-nested-images columns-default is-cropped wp-block-gallery-1 is-layout-flex wp-block-gallery-is-layout-flex\">\n<figure class=\"wp-block-image size-large\"><img loading=\"lazy\" decoding=\"async\" width=\"562\" height=\"800\" data-id=\"8314\" src=\"https:\/\/catholiques17.fr\/sainte-soulle\/wp-content\/uploads\/sites\/14\/2026\/04\/IMG-20260426-WA0265.jpg\" alt=\"\" class=\"wp-image-8314\" srcset=\"https:\/\/catholiques17.fr\/sainte-soulle\/wp-content\/uploads\/sites\/14\/2026\/04\/IMG-20260426-WA0265.jpg 562w, https:\/\/catholiques17.fr\/sainte-soulle\/wp-content\/uploads\/sites\/14\/2026\/04\/IMG-20260426-WA0265-480x683.jpg 480w\" sizes=\"(min-width: 0px) and (max-width: 480px) 480px, (min-width: 481px) 562px, 100vw\" \/><\/figure>\n\n\n\n<figure class=\"wp-block-image size-large\"><img loading=\"lazy\" decoding=\"async\" width=\"800\" height=\"459\" data-id=\"8313\" src=\"https:\/\/catholiques17.fr\/sainte-soulle\/wp-content\/uploads\/sites\/14\/2026\/04\/IMG-20260426-WA0256.jpg\" alt=\"\" class=\"wp-image-8313\" srcset=\"https:\/\/catholiques17.fr\/sainte-soulle\/wp-content\/uploads\/sites\/14\/2026\/04\/IMG-20260426-WA0256.jpg 800w, https:\/\/catholiques17.fr\/sainte-soulle\/wp-content\/uploads\/sites\/14\/2026\/04\/IMG-20260426-WA0256-480x275.jpg 480w\" sizes=\"(min-width: 0px) and (max-width: 480px) 480px, (min-width: 481px) 800px, 100vw\" \/><\/figure>\n\n\n\n<figure class=\"wp-block-image size-large\"><img loading=\"lazy\" decoding=\"async\" width=\"563\" height=\"800\" data-id=\"8315\" src=\"https:\/\/catholiques17.fr\/sainte-soulle\/wp-content\/uploads\/sites\/14\/2026\/04\/IMG-20260426-WA0268.jpg\" alt=\"\" class=\"wp-image-8315\" srcset=\"https:\/\/catholiques17.fr\/sainte-soulle\/wp-content\/uploads\/sites\/14\/2026\/04\/IMG-20260426-WA0268.jpg 563w, https:\/\/catholiques17.fr\/sainte-soulle\/wp-content\/uploads\/sites\/14\/2026\/04\/IMG-20260426-WA0268-480x682.jpg 480w\" sizes=\"(min-width: 0px) and (max-width: 480px) 480px, (min-width: 481px) 563px, 100vw\" \/><\/figure>\n<\/figure>\n\n\n\n<div style=\"height:91px\" aria-hidden=\"true\" class=\"wp-block-spacer\"><\/div>\n\n\n\n<div class=\"wp-block-media-text is-stacked-on-mobile\"><figure class=\"wp-block-media-text__media\"><img loading=\"lazy\" decoding=\"async\" width=\"800\" height=\"625\" src=\"https:\/\/catholiques17.fr\/sainte-soulle\/wp-content\/uploads\/sites\/14\/2026\/04\/IMG-20260426-WA0274.jpg\" alt=\"\" class=\"wp-image-8316 size-full\" srcset=\"https:\/\/catholiques17.fr\/sainte-soulle\/wp-content\/uploads\/sites\/14\/2026\/04\/IMG-20260426-WA0274.jpg 800w, https:\/\/catholiques17.fr\/sainte-soulle\/wp-content\/uploads\/sites\/14\/2026\/04\/IMG-20260426-WA0274-480x375.jpg 480w\" sizes=\"(min-width: 0px) and (max-width: 480px) 480px, (min-width: 481px) 800px, 100vw\" \/><\/figure><div class=\"wp-block-media-text__content\">\n<p>L&rsquo;apr\u00e8s-midi s&rsquo;est poursuivi avec un <strong>atelier manuel <\/strong>durant lequel les participants ont fabriqu\u00e9 une<strong> croix<\/strong>, avant de partir \u00e0 <strong>15h30<\/strong> pour une marche sur l&rsquo;\u00eele, en priant ensemble le <strong>chapelet<\/strong>.<\/p>\n<\/div><\/div>\n\n\n\n<div style=\"height:98px\" aria-hidden=\"true\" class=\"wp-block-spacer\"><\/div>\n\n\n\n<figure class=\"wp-block-gallery has-nested-images columns-default is-cropped wp-block-gallery-2 is-layout-flex wp-block-gallery-is-layout-flex\">\n<figure class=\"wp-block-image size-large\"><img loading=\"lazy\" decoding=\"async\" width=\"668\" height=\"800\" data-id=\"8319\" src=\"https:\/\/catholiques17.fr\/sainte-soulle\/wp-content\/uploads\/sites\/14\/2026\/04\/IMG-20260426-WA0291-1.jpg\" alt=\"\" class=\"wp-image-8319\" srcset=\"https:\/\/catholiques17.fr\/sainte-soulle\/wp-content\/uploads\/sites\/14\/2026\/04\/IMG-20260426-WA0291-1.jpg 668w, https:\/\/catholiques17.fr\/sainte-soulle\/wp-content\/uploads\/sites\/14\/2026\/04\/IMG-20260426-WA0291-1-480x575.jpg 480w\" sizes=\"(min-width: 0px) and (max-width: 480px) 480px, (min-width: 481px) 668px, 100vw\" \/><\/figure>\n\n\n\n<figure class=\"wp-block-image size-large\"><img loading=\"lazy\" decoding=\"async\" width=\"706\" height=\"800\" data-id=\"8320\" src=\"https:\/\/catholiques17.fr\/sainte-soulle\/wp-content\/uploads\/sites\/14\/2026\/04\/IMG-20260426-WA0306-1.jpg\" alt=\"\" class=\"wp-image-8320\" srcset=\"https:\/\/catholiques17.fr\/sainte-soulle\/wp-content\/uploads\/sites\/14\/2026\/04\/IMG-20260426-WA0306-1.jpg 706w, https:\/\/catholiques17.fr\/sainte-soulle\/wp-content\/uploads\/sites\/14\/2026\/04\/IMG-20260426-WA0306-1-480x544.jpg 480w\" sizes=\"(min-width: 0px) and (max-width: 480px) 480px, (min-width: 481px) 706px, 100vw\" \/><\/figure>\n<\/figure>\n\n\n\n<div style=\"height:100px\" aria-hidden=\"true\" class=\"wp-block-spacer\"><\/div>\n\n\n\n<div class=\"wp-block-media-text is-stacked-on-mobile\"><figure class=\"wp-block-media-text__media\"><img loading=\"lazy\" decoding=\"async\" width=\"800\" height=\"600\" src=\"https:\/\/catholiques17.fr\/sainte-soulle\/wp-content\/uploads\/sites\/14\/2026\/04\/IMG-20260426-WA0325.jpg\" alt=\"\" class=\"wp-image-8321 size-full\" srcset=\"https:\/\/catholiques17.fr\/sainte-soulle\/wp-content\/uploads\/sites\/14\/2026\/04\/IMG-20260426-WA0325.jpg 800w, https:\/\/catholiques17.fr\/sainte-soulle\/wp-content\/uploads\/sites\/14\/2026\/04\/IMG-20260426-WA0325-480x360.jpg 480w\" sizes=\"(min-width: 0px) and (max-width: 480px) 480px, (min-width: 481px) 800px, 100vw\" \/><\/figure><div class=\"wp-block-media-text__content\">\n<p>Le p\u00e8lerinage a conduit le groupe jusqu&rsquo;\u00e0 la <strong>croix de l&rsquo;\u00eele Madame<\/strong>, lieu embl\u00e9matique et charg\u00e9 de recueillement. L\u00e0, sur les galets, chacun a pu \u00e9crire des <strong>intentions de pri\u00e8res<\/strong>, ensuite d\u00e9pos\u00e9es au pied de la croix.<\/p>\n<\/div><\/div>\n\n\n\n<div style=\"height:87px\" aria-hidden=\"true\" class=\"wp-block-spacer\"><\/div>\n\n\n\n<p class=\"has-text-align-center\" style=\"font-size:14px\">Apr\u00e8s un <strong>gouter<\/strong> bien m\u00e9rit\u00e9, le groupe a repris le chemin du retour, avec une <strong>arriv\u00e9e \u00e0 18h15<\/strong>,<\/p>\n\n\n\n<p class=\"has-text-align-center\" style=\"font-size:14px\"> le c\u0153ur rempli de beaux souvenirs.<\/p>\n\n\n\n<div style=\"height:86px\" aria-hidden=\"true\" class=\"wp-block-spacer\"><\/div>\n\n\n\n<figure class=\"wp-block-pullquote has-luminous-vivid-orange-color has-text-color has-link-color wp-elements-20dc7cd4a9c2fbd0d185f62bc605e80d\"><blockquote><p>Une journ\u00e9e fraternelle et spirituelle, v\u00e9cue dans la simplicit\u00e9 et la joie.<br>Merci \u00e0 toutes les personnes ayant particip\u00e9 et contribu\u00e9 \u00e0 la r\u00e9ussite de ce beau moment paroissial.<\/p><\/blockquote><\/figure>\n","protected":false},"excerpt":{"rendered":"<p>Ce samedi, notre groupe paroissial a v\u00e9cu une tr\u00e8s belle journ\u00e9e de p\u00e8lerinage \u00e0 l&rsquo;\u00eele Madame, plac\u00e9e sous le signe de la pri\u00e8re, de la fraternit\u00e9 et de la joie [&hellip;]<\/p>\n","protected":false},"author":94,"featured_media":8321,"comment_status":"open","ping_status":"open","sticky":false,"template":"","format":"standard","meta":{"_et_pb_use_builder":"off","_et_pb_old_content":"","_et_gb_content_width":"","footnotes":""},"categories":[6,18,20,33,30],"tags":[],"class_list":["post-8310","post","type-post","status-publish","format-standard","has-post-thumbnail","hentry","category-actualite","category-cate","category-jeunes","category-pelerinage","category-priere"],"_links":{"self":[{"href":"https:\/\/catholiques17.fr\/sainte-soulle\/wp-json\/wp\/v2\/posts\/8310","targetHints":{"allow":["GET"]}}],"collection":[{"href":"https:\/\/catholiques17.fr\/sainte-soulle\/wp-json\/wp\/v2\/posts"}],"about":[{"href":"https:\/\/catholiques17.fr\/sainte-soulle\/wp-json\/wp\/v2\/types\/post"}],"author":[{"embeddable":true,"href":"https:\/\/catholiques17.fr\/sainte-soulle\/wp-json\/wp\/v2\/users\/94"}],"replies":[{"embeddable":true,"href":"https:\/\/catholiques17.fr\/sainte-soulle\/wp-json\/wp\/v2\/comments?post=8310"}],"version-history":[{"count":3,"href":"https:\/\/catholiques17.fr\/sainte-soulle\/wp-json\/wp\/v2\/posts\/8310\/revisions"}],"predecessor-version":[{"id":8324,"href":"https:\/\/catholiques17.fr\/sainte-soulle\/wp-json\/wp\/v2\/posts\/8310\/revisions\/8324"}],"wp:featuredmedia":[{"embeddable":true,"href":"https:\/\/catholiques17.fr\/sainte-soulle\/wp-json\/wp\/v2\/media\/8321"}],"wp:attachment":[{"href":"https:\/\/catholiques17.fr\/sainte-soulle\/wp-json\/wp\/v2\/media?parent=8310"}],"wp:term":[{"taxonomy":"category","embeddable":true,"href":"https:\/\/catholiques17.fr\/sainte-soulle\/wp-json\/wp\/v2\/categories?post=8310"},{"taxonomy":"post_tag","embeddable":true,"href":"https:\/\/catholiques17.fr\/sainte-soulle\/wp-json\/wp\/v2\/tags?post=8310"}],"curies":[{"name":"wp","href":"https:\/\/api.w.org\/{rel}","templated":true}]}}