{"id":8277,"date":"2026-04-22T16:15:04","date_gmt":"2026-04-22T14:15:04","guid":{"rendered":"https:\/\/catholiques17.fr\/sainte-soulle\/?p=8277"},"modified":"2026-04-22T16:37:21","modified_gmt":"2026-04-22T14:37:21","slug":"si-tu-savais-le-don-de-dieu-prions-pour-les-vocations","status":"publish","type":"post","link":"https:\/\/catholiques17.fr\/sainte-soulle\/2026\/04\/22\/si-tu-savais-le-don-de-dieu-prions-pour-les-vocations\/","title":{"rendered":"\u00ab\u00a0Si tu savais le don de Dieu \u00a0\u00bb : prions pour les vocations !"},"content":{"rendered":"\n<div style=\"height:42px\" aria-hidden=\"true\" class=\"wp-block-spacer\"><\/div>\n\n\n\n<h2 class=\"wp-block-heading has-text-align-center\">A l\u2019occasion du Dimanche du Bon Pasteur, <strong>journ\u00e9e mondiale de pri\u00e8re pour les vocations,<\/strong> le 26 avril, le service des vocations nous adresse plusieurs propositions.<\/h2>\n\n\n\n<div style=\"height:100px\" aria-hidden=\"true\" class=\"wp-block-spacer\"><\/div>\n\n\n\n<div class=\"wp-block-columns is-layout-flex wp-container-core-columns-is-layout-9d6595d7 wp-block-columns-is-layout-flex\">\n<div class=\"wp-block-column is-layout-flow wp-block-column-is-layout-flow\">\n<h2 class=\"wp-block-heading has-text-align-center has-vivid-cyan-blue-color has-text-color has-link-color wp-elements-394f0bb8c4869831ec2efaa4a156aed5\"><strong>Pri\u00e8re dioc\u00e9saine pour les vocations<\/strong><\/h2>\n\n\n\n<p><em>(\u00e0 r\u00e9citer en paroisse, en famille, en gropes de pri\u00e8res\u2026)<\/em><\/p>\n\n\n\n<p>Seigneur J\u00e9sus,<br>toi qui appelles chacun par son nom,<br>Regarde notre dioc\u00e8se.<br>Fais-y na\u00eetre des coeurs disponibles,<br>des hommes et des femmes pr\u00eats \u00e0 donner leur vie<br>pour te servir dans le sacerdoce, la vie consacr\u00e9e<br>et la mission au coeur du monde.<\/p>\n\n\n\n<p>Par l\u2019intercession de saint Eutrope,<br>premier \u00e9v\u00eaque de notre \u00c9glise dioc\u00e9saine,<br>donne-nous le z\u00e8le des commencements.<\/p>\n\n\n\n<p>\u00c0 la suite du bienheureux Jean-Baptiste Souzy,<br>donne-nous le courage de la fid\u00e9lit\u00e9 et du pardon.<\/p>\n\n\n\n<p>Par l\u2019intercession du bienheureux Pierre-Louis de La Rochefoucauld,<br>apprends-nous \u00e0 aimer ton \u00c9glise jusqu\u2019au don total de nous-m\u00eames.<\/p>\n\n\n\n<p>\u00c0 l\u2019\u00e9cole de saint Louis-Marie Grignon de Montfort,<br>fais grandir en nous l\u2019audace missionnaire.<\/p>\n\n\n\n<p>Envoie ton Esprit sur ceux qui cherchent leur vocation :<br>qu\u2019ils osent \u00e9couter ton appel,<br>qu\u2019ils trouvent des t\u00e9moins pour les guider,<br>qu\u2019ils d\u00e9couvrent la joie de se donner sans r\u00e9serve.<\/p>\n\n\n\n<p>Seigneur,<br>suscite aujourd\u2019hui les pasteurs, les consacr\u00e9s et les serviteurs<br>dont ton peuple a besoin pour demain.<\/p>\n\n\n\n<p>Amen.<\/p>\n<\/div>\n\n\n\n<div class=\"wp-block-column is-layout-flow wp-block-column-is-layout-flow\">\n<h2 class=\"wp-block-heading has-text-align-center has-luminous-vivid-orange-color has-text-color has-link-color wp-elements-70689f90444fec9a14e95580bbc176f5\"><strong>Proposition de pri\u00e8re universelle<\/strong><\/h2>\n\n\n\n<p><strong>1. Pour l\u2019\u00c9glise universelle et pour notre \u00c9glise dioc\u00e9saine, signes de l\u2019appel de Dieu dans le monde :<br><\/strong>Afin que tous les chr\u00e9tiens, guid\u00e9s par l\u2019Esprit Saint, t\u00e9moignent de la joie de suivre le Christ, et encouragent chacun \u00e0 r\u00e9pondre g\u00e9n\u00e9reusement \u00e0 l\u2019appel de Dieu.<\/p>\n\n\n\n<p><strong>2. Pour les vocations sacerdotales et religieuses :<br><\/strong>Prions pour que de nombreux jeunes entendent l\u2019appel \u00e0 servir Dieu et leurs fr\u00e8res comme pr\u00eatres, religieuses ou religieux, et qu\u2019ils trouvent la force d\u2019y r\u00e9pondre avec foi et confiance \u00e0 la suite de saint Eutrope, Bienheureux Louis-Marie Grignon de Monfort, Bienheureux Jean-Baptiste Souzy, Marie-Eustelle Harpain et tous les saints connus et inconnus de notre terre dioc\u00e9saine.<\/p>\n\n\n\n<p><strong>3. Pour les familles, premi\u00e8res \u00e9ducatrices \u00e0 la foi :<br><\/strong>Prions pour qu\u2019elles soient des lieux d\u2019\u00e9coute, de pri\u00e8re et de dialogue, o\u00f9 les vocations puissent germer et s\u2019\u00e9panouir dans la confiance et l\u2019amour.<\/p>\n\n\n\n<p><strong>4. Pour les personnes en recherche de leur vocation :<br><\/strong>Prions pour que le Seigneur les \u00e9claire, les accompagne et leur donne la paix du coeur pour discerner l\u2019appel qu\u2019Il leur adresse.<\/p>\n<\/div>\n<\/div>\n\n\n\n<div style=\"height:100px\" aria-hidden=\"true\" class=\"wp-block-spacer\"><\/div>\n","protected":false},"excerpt":{"rendered":"<p>A l\u2019occasion du Dimanche du Bon Pasteur, journ\u00e9e mondiale de pri\u00e8re pour les vocations, le 26 avril, le service des vocations nous adresse plusieurs propositions. Pri\u00e8re dioc\u00e9saine pour les vocations [&hellip;]<\/p>\n","protected":false},"author":4,"featured_media":8278,"comment_status":"open","ping_status":"open","sticky":false,"template":"","format":"standard","meta":{"_et_pb_use_builder":"off","_et_pb_old_content":"","_et_gb_content_width":"","footnotes":""},"categories":[6,16,30],"tags":[],"class_list":["post-8277","post","type-post","status-publish","format-standard","has-post-thumbnail","hentry","category-actualite","category-liturgie","category-priere"],"_links":{"self":[{"href":"https:\/\/catholiques17.fr\/sainte-soulle\/wp-json\/wp\/v2\/posts\/8277","targetHints":{"allow":["GET"]}}],"collection":[{"href":"https:\/\/catholiques17.fr\/sainte-soulle\/wp-json\/wp\/v2\/posts"}],"about":[{"href":"https:\/\/catholiques17.fr\/sainte-soulle\/wp-json\/wp\/v2\/types\/post"}],"author":[{"embeddable":true,"href":"https:\/\/catholiques17.fr\/sainte-soulle\/wp-json\/wp\/v2\/users\/4"}],"replies":[{"embeddable":true,"href":"https:\/\/catholiques17.fr\/sainte-soulle\/wp-json\/wp\/v2\/comments?post=8277"}],"version-history":[{"count":3,"href":"https:\/\/catholiques17.fr\/sainte-soulle\/wp-json\/wp\/v2\/posts\/8277\/revisions"}],"predecessor-version":[{"id":8281,"href":"https:\/\/catholiques17.fr\/sainte-soulle\/wp-json\/wp\/v2\/posts\/8277\/revisions\/8281"}],"wp:featuredmedia":[{"embeddable":true,"href":"https:\/\/catholiques17.fr\/sainte-soulle\/wp-json\/wp\/v2\/media\/8278"}],"wp:attachment":[{"href":"https:\/\/catholiques17.fr\/sainte-soulle\/wp-json\/wp\/v2\/media?parent=8277"}],"wp:term":[{"taxonomy":"category","embeddable":true,"href":"https:\/\/catholiques17.fr\/sainte-soulle\/wp-json\/wp\/v2\/categories?post=8277"},{"taxonomy":"post_tag","embeddable":true,"href":"https:\/\/catholiques17.fr\/sainte-soulle\/wp-json\/wp\/v2\/tags?post=8277"}],"curies":[{"name":"wp","href":"https:\/\/api.w.org\/{rel}","templated":true}]}}