{"id":7626,"date":"2025-08-21T18:47:49","date_gmt":"2025-08-21T16:47:49","guid":{"rendered":"https:\/\/catholiques17.fr\/sainte-soulle\/?p=7626"},"modified":"2025-08-21T18:47:50","modified_gmt":"2025-08-21T16:47:50","slug":"communique-de-mgr-francois-jacolin","status":"publish","type":"post","link":"https:\/\/catholiques17.fr\/sainte-soulle\/2025\/08\/21\/communique-de-mgr-francois-jacolin\/","title":{"rendered":"Communiqu\u00e9 de Mgr Fran\u00e7ois JACOLIN"},"content":{"rendered":"\n<figure class=\"wp-block-image size-full\"><img decoding=\"async\" src=\"https:\/\/catholiques17.fr\/sainte-soulle\/wp-content\/uploads\/sites\/14\/2024\/11\/image.png\" alt=\"\" class=\"wp-image-6729\" \/><\/figure>\n\n\n\n<p><\/p>\n\n\n\n<p>Aujourd\u2019hui 20 ao\u00fbt 2025, le site \u00ab&nbsp;Riposte Catholique&nbsp;\u00bb a fait para\u00eetre un communiqu\u00e9 mettant en cause un pr\u00eatre de l\u2019Institut du Verbe Incarn\u00e9, le P\u00e8re Anthony Del Castillo pour soup\u00e7on d\u2019abus de pouvoir ayant entra\u00een\u00e9 des relations sexuelles avec une jeune fille de 18 ans potentiellement vuln\u00e9rable.<\/p>\n\n\n\n<p>Les faits rapport\u00e9s sont pour la plupart exacts et le P\u00e8re Del Castillo les a reconnus.<\/p>\n\n\n\n<p>En revanche le dioc\u00e8se et l\u2019institut ne sont pas rest\u00e9s inactifs et n\u2019ont pas cherch\u00e9 \u00e0 les dissimuler, mais nous en avons pris connaissance r\u00e9cemment et nous sommes encore dans une phase d\u2019enqu\u00eate pr\u00e9alable.<\/p>\n\n\n\n<p>C\u2019est le 11 juillet qu\u2019une amie de la jeune fille qui avait d\u00e9j\u00e0 pris contact avec moi, m\u2019a laiss\u00e9 un message me disant qu\u2019elle avait la preuve de la relation sexuelle de son amie avec le P\u00e8re Del Castillo.<\/p>\n\n\n\n<p>Le 13 juillet le P\u00e8re Del Castillo a demand\u00e9 \u00e0 rencontrer l\u2019abb\u00e9 Bertrand Monnard, vicaire g\u00e9n\u00e9ral, et a reconnu sa grave faute.<\/p>\n\n\n\n<p>D\u00e8s le 14 juillet avec le P\u00e8re Tristan Perez, provincial de l\u2019Institut du Verbe Incarn\u00e9, nous avons pris la d\u00e9cision de retirer au P\u00e8re Del Castillo la charge de cur\u00e9 de Jonzac et de l\u2019envoyer dans une communaut\u00e9 de l\u2019Institut en Italie. Il est vrai que durant l\u2019\u00e9t\u00e9 il est all\u00e9 voir sa famille au P\u00e9rou, mais il est sur le point de revenir en Europe.<\/p>\n\n\n\n<p>D\u2019autre part, le dioc\u00e8se ayant \u00e9t\u00e9 contact\u00e9 par les parents de la jeune fille victime, je les ai rencontr\u00e9s le 13 ao\u00fbt dernier.<\/p>\n\n\n\n<p>Dans la phase pr\u00e9sente, le dioc\u00e8se de La Rochelle et l\u2019Institut du Verbe Incarn\u00e9, nous sommes en train de compl\u00e9ter le dossier de l\u2019affaire concernant le P\u00e8re Del Castillo avant de lancer des proc\u00e9dures eccl\u00e9siales et, si n\u00e9cessaires, civiles.<\/p>\n\n\n\n<p>Nous sommes tous touch\u00e9s par cette trag\u00e9die. Nous avons la ferme volont\u00e9 de faire la v\u00e9rit\u00e9 et le d\u00e9sir que justice soit rendue, sachant qu\u2019elle est ultimement entre les mains de Dieu.<\/p>\n\n\n\n<p class=\"has-text-align-right\"><strong>Mgr Fran\u00e7ois Jacolin<\/strong><\/p>\n\n\n\n<p class=\"has-text-align-right\">\u00e9v\u00eaque de Lu\u00e7on<br>et administrateur apostolique du dioc\u00e8se de La Rochelle<\/p>\n","protected":false},"excerpt":{"rendered":"<p>Aujourd\u2019hui 20 ao\u00fbt 2025, le site \u00ab&nbsp;Riposte Catholique&nbsp;\u00bb a fait para\u00eetre un communiqu\u00e9 mettant en cause un pr\u00eatre de l\u2019Institut du Verbe Incarn\u00e9, le P\u00e8re Anthony Del Castillo pour soup\u00e7on [&hellip;]<\/p>\n","protected":false},"author":67,"featured_media":0,"comment_status":"open","ping_status":"open","sticky":false,"template":"","format":"standard","meta":{"_et_pb_use_builder":"off","_et_pb_old_content":"","_et_gb_content_width":"","footnotes":""},"categories":[6],"tags":[],"class_list":["post-7626","post","type-post","status-publish","format-standard","hentry","category-actualite"],"_links":{"self":[{"href":"https:\/\/catholiques17.fr\/sainte-soulle\/wp-json\/wp\/v2\/posts\/7626","targetHints":{"allow":["GET"]}}],"collection":[{"href":"https:\/\/catholiques17.fr\/sainte-soulle\/wp-json\/wp\/v2\/posts"}],"about":[{"href":"https:\/\/catholiques17.fr\/sainte-soulle\/wp-json\/wp\/v2\/types\/post"}],"author":[{"embeddable":true,"href":"https:\/\/catholiques17.fr\/sainte-soulle\/wp-json\/wp\/v2\/users\/67"}],"replies":[{"embeddable":true,"href":"https:\/\/catholiques17.fr\/sainte-soulle\/wp-json\/wp\/v2\/comments?post=7626"}],"version-history":[{"count":1,"href":"https:\/\/catholiques17.fr\/sainte-soulle\/wp-json\/wp\/v2\/posts\/7626\/revisions"}],"predecessor-version":[{"id":7627,"href":"https:\/\/catholiques17.fr\/sainte-soulle\/wp-json\/wp\/v2\/posts\/7626\/revisions\/7627"}],"wp:attachment":[{"href":"https:\/\/catholiques17.fr\/sainte-soulle\/wp-json\/wp\/v2\/media?parent=7626"}],"wp:term":[{"taxonomy":"category","embeddable":true,"href":"https:\/\/catholiques17.fr\/sainte-soulle\/wp-json\/wp\/v2\/categories?post=7626"},{"taxonomy":"post_tag","embeddable":true,"href":"https:\/\/catholiques17.fr\/sainte-soulle\/wp-json\/wp\/v2\/tags?post=7626"}],"curies":[{"name":"wp","href":"https:\/\/api.w.org\/{rel}","templated":true}]}}