{"id":7618,"date":"2025-08-20T08:41:13","date_gmt":"2025-08-20T06:41:13","guid":{"rendered":"https:\/\/catholiques17.fr\/sainte-soulle\/?p=7618"},"modified":"2025-08-20T08:41:13","modified_gmt":"2025-08-20T06:41:13","slug":"mgr-bozo-nomme-eveque-coadjuteur-de-la-rochelle","status":"publish","type":"post","link":"https:\/\/catholiques17.fr\/sainte-soulle\/2025\/08\/20\/mgr-bozo-nomme-eveque-coadjuteur-de-la-rochelle\/","title":{"rendered":"Mgr Bozo nomm\u00e9 \u00e9v\u00eaque coadjuteur de La Rochelle"},"content":{"rendered":"\n<div style=\"height:23px\" aria-hidden=\"true\" class=\"wp-block-spacer\"><\/div>\n\n\n\n<p>Le Pape L\u00e9on XIV a nomm\u00e9 ce mardi 19 ao\u00fbt, \u00e9v\u00eaque coadjuteur de La Rochelle, Mgr Pierre-Antoine Bozo, lui conf\u00e9rant les faculte\u0301s spe\u0301ciales qui consistent en la me\u0302me juridiction que celle qui appartient a\u0300 l\u2019\u00e9ve\u0302que dioce\u0301sain. Mgr Pierre-Antoine Bozo, 59 ans, \u00e9tait depuis 2017 \u00e9v\u00eaque du dioc\u00e8se de Limoges. La prise de fonction aura lieu le 19 octobre apr\u00e8s-midi en la cath\u00e9drale de La Rochelle.<\/p>\n\n\n\n<p><\/p>\n\n\n\n<figure class=\"wp-block-image aligncenter size-full\"><img loading=\"lazy\" decoding=\"async\" width=\"800\" height=\"505\" src=\"https:\/\/catholiques17.fr\/sainte-soulle\/wp-content\/uploads\/sites\/14\/2025\/08\/Blason-Mgr-Bozo.png\" alt=\"\" class=\"wp-image-7619\" srcset=\"https:\/\/catholiques17.fr\/sainte-soulle\/wp-content\/uploads\/sites\/14\/2025\/08\/Blason-Mgr-Bozo.png 800w, https:\/\/catholiques17.fr\/sainte-soulle\/wp-content\/uploads\/sites\/14\/2025\/08\/Blason-Mgr-Bozo-480x303.png 480w\" sizes=\"(min-width: 0px) and (max-width: 480px) 480px, (min-width: 481px) 800px, 100vw\" \/><\/figure>\n\n\n\n<h2 class=\"wp-block-heading\">Biographie de Mgr Bozo<\/h2>\n\n\n\n<p>N\u00e9 le 14 mars 1966 \u00e0 Argentan (Orne)<br>Ordonn\u00e9 pr\u00eatre le 3 juillet 1994 pour le dioc\u00e8se de S\u00e9ez (Orne)<\/p>\n\n\n\n<p><strong>\u00c9tudes<\/strong><\/p>\n\n\n\n<p>Universit\u00e9 Caen-Normandie<br>Universit\u00e9 pontificale Gr\u00e9gorienne<\/p>\n\n\n\n<p><strong>Dipl\u00f4mes<\/strong><\/p>\n\n\n\n<p>Licence de droit<br>Licence de th\u00e9ologie dogmatique<\/p>\n\n\n\n<p><strong>Minist\u00e8res<\/strong><\/p>\n\n\n\n<ul class=\"wp-block-list\">\n<li>1994-1995 \u00c9tudiant \u00e0 Rome \u00e0 l\u2019Universit\u00e9 pontificale Gr\u00e9gorienne\u00a0<\/li>\n\n\n\n<li>1995-2005 Vicaire de la Paroisse Notre-Dame Saint-L\u00e9onard d\u2019Alen\u00e7on\u00a0<br>aum\u00f4nier de l\u2019enseignement public et aum\u00f4nier des \u00e9tudiants \u00e0 Alen\u00e7on\u00a0<\/li>\n\n\n\n<li>1997-2003 Responsable dioc\u00e9sain du service des vocations\u00a0<\/li>\n\n\n\n<li>1997-2017 Professeur du Centre d\u2019\u00e9tudes th\u00e9ologiques de Caen\u00a0<\/li>\n\n\n\n<li>2003-2007 Responsable dioc\u00e9sain pour la pastorale des jeunes\u00a0<\/li>\n\n\n\n<li>2007-2012 Vice-recteur du s\u00e9minaire interdioc\u00e9sain Saint-Jean-Eudes de Caen ; aum\u00f4nier des \u00e9tudiants \u00e0 Caen\u00a0<\/li>\n\n\n\n<li>2011-2015 Vicaire \u00e9piscopal de S\u00e9ez\u00a0<\/li>\n\n\n\n<li>2012-2015 Recteur du s\u00e9minaire interdioc\u00e9sain Saint-Jean-Eudes de Caen ; administrateur de la paroisse Sainte-Opportune en Pays d\u2019\u00d4\u00a0<\/li>\n\n\n\n<li>2015-2017 Vicaire g\u00e9n\u00e9ral du dioc\u00e8se de S\u00e9ez ; mod\u00e9rateur de la curie dioc\u00e9saine ; cur\u00e9 de la Paroisse Sainte-Opportune en Pays d\u2019\u00d4<br>2016-2017 Doyen du P\u00f4le missionnaire du Pays de S\u00e9ez<\/li>\n\n\n\n<li>Depuis 2017 \u00c9v\u00eaque de Limoges<\/li>\n<\/ul>\n\n\n\n<p>Responsabilit\u00e9s au sein de la Conf\u00e9rence des \u00c9v\u00eaques de France :<\/p>\n\n\n\n<ul class=\"wp-block-list\">\n<li>2017-2022 Membre du Conseil pour la pastorale des enfants et des jeunes de la CEF ; r\u00e9f\u00e9rent pour les mouvements de scoutisme catholique\u00a0<\/li>\n\n\n\n<li>Depuis 2022 Membre du Conseil permanent de la Conf\u00e9rence des Ev\u00eaques de France<\/li>\n<\/ul>\n\n\n\n<p><\/p>\n\n\n\n<figure class=\"wp-block-embed is-type-video is-provider-youtube wp-block-embed-youtube wp-embed-aspect-16-9 wp-has-aspect-ratio\"><div class=\"wp-block-embed__wrapper\">\n<iframe loading=\"lazy\" title=\"Mgr Pierre-Antoine Bozo nomm\u00e9 \u00e9v\u00eaque coadjuteur de La Rochelle\" width=\"1080\" height=\"608\" src=\"https:\/\/www.youtube.com\/embed\/AQTRmVjaXd0?feature=oembed\"  allow=\"accelerometer; autoplay; clipboard-write; encrypted-media; gyroscope; picture-in-picture; web-share\" referrerpolicy=\"strict-origin-when-cross-origin\" allowfullscreen><\/iframe>\n<\/div><\/figure>\n","protected":false},"excerpt":{"rendered":"<p>Le Pape L\u00e9on XIV a nomm\u00e9 ce mardi 19 ao\u00fbt, \u00e9v\u00eaque coadjuteur de La Rochelle, Mgr Pierre-Antoine Bozo, lui conf\u00e9rant les faculte\u0301s spe\u0301ciales qui consistent en la me\u0302me juridiction que [&hellip;]<\/p>\n","protected":false},"author":67,"featured_media":7616,"comment_status":"open","ping_status":"open","sticky":false,"template":"","format":"standard","meta":{"_et_pb_use_builder":"off","_et_pb_old_content":"","_et_gb_content_width":"","footnotes":""},"categories":[6],"tags":[],"class_list":["post-7618","post","type-post","status-publish","format-standard","has-post-thumbnail","hentry","category-actualite"],"_links":{"self":[{"href":"https:\/\/catholiques17.fr\/sainte-soulle\/wp-json\/wp\/v2\/posts\/7618","targetHints":{"allow":["GET"]}}],"collection":[{"href":"https:\/\/catholiques17.fr\/sainte-soulle\/wp-json\/wp\/v2\/posts"}],"about":[{"href":"https:\/\/catholiques17.fr\/sainte-soulle\/wp-json\/wp\/v2\/types\/post"}],"author":[{"embeddable":true,"href":"https:\/\/catholiques17.fr\/sainte-soulle\/wp-json\/wp\/v2\/users\/67"}],"replies":[{"embeddable":true,"href":"https:\/\/catholiques17.fr\/sainte-soulle\/wp-json\/wp\/v2\/comments?post=7618"}],"version-history":[{"count":2,"href":"https:\/\/catholiques17.fr\/sainte-soulle\/wp-json\/wp\/v2\/posts\/7618\/revisions"}],"predecessor-version":[{"id":7621,"href":"https:\/\/catholiques17.fr\/sainte-soulle\/wp-json\/wp\/v2\/posts\/7618\/revisions\/7621"}],"wp:featuredmedia":[{"embeddable":true,"href":"https:\/\/catholiques17.fr\/sainte-soulle\/wp-json\/wp\/v2\/media\/7616"}],"wp:attachment":[{"href":"https:\/\/catholiques17.fr\/sainte-soulle\/wp-json\/wp\/v2\/media?parent=7618"}],"wp:term":[{"taxonomy":"category","embeddable":true,"href":"https:\/\/catholiques17.fr\/sainte-soulle\/wp-json\/wp\/v2\/categories?post=7618"},{"taxonomy":"post_tag","embeddable":true,"href":"https:\/\/catholiques17.fr\/sainte-soulle\/wp-json\/wp\/v2\/tags?post=7618"}],"curies":[{"name":"wp","href":"https:\/\/api.w.org\/{rel}","templated":true}]}}