{"id":7536,"date":"2025-06-30T09:52:34","date_gmt":"2025-06-30T07:52:34","guid":{"rendered":"https:\/\/catholiques17.fr\/sainte-soulle\/?p=7536"},"modified":"2025-06-30T09:52:37","modified_gmt":"2025-06-30T07:52:37","slug":"les-belles-celebrations-de-la-fin-de-lannee-pastorale-2025","status":"publish","type":"post","link":"https:\/\/catholiques17.fr\/sainte-soulle\/2025\/06\/30\/les-belles-celebrations-de-la-fin-de-lannee-pastorale-2025\/","title":{"rendered":"LES BELLES CELEBRATIONS DE LA FIN DE L&rsquo;ANNEE PASTORALE 2025"},"content":{"rendered":"\n<div style=\"height:17px\" aria-hidden=\"true\" class=\"wp-block-spacer\"><\/div>\n\n\n\n<p>Nous avons eu la joie de cl\u00f4turer cette ann\u00e9e pastorale par trois belles c\u00e9l\u00e9brations.<\/p>\n\n\n\n<p><br>Dimanche de la Solennit\u00e9 de la Sainte Trinit\u00e9, le 15 juin, il y a 7 enfants qui avaient fait la Profession de foi. Apr\u00e8s la bapt\u00eame et quelques ann\u00e9es de la cat\u00e9ch\u00e8se, ce jour-l\u00e0, ils sont capable de proclamer \u00e0 haute voix devant le Seigneur et l&rsquo;assembl\u00e9e paroissiale le Credo. Les tablettes de la foi chr\u00e9tienne \u00e9noncent les principaux dogmes de l&rsquo;Eglise catholique qui sont la croyance en une vision trinitaire de Dieu qui est \u00e0 la fois P\u00e8re, Fils et Saint-Esprit, mais aussi la croyance en l&rsquo;Eglise, au pardon des p\u00e9ch\u00e9s et en la r\u00e9surrection des morts.<\/p>\n\n\n\n<p>Dimanche dernier, le 22 juin, huit enfants de notre paroisse ont fait leur Premi\u00e8re Communion en l\u2019\u00e9glise de Sainte-Soulle. Notre foi chr\u00e9tienne risque de mourir si elle n&rsquo;est pas nourri par le Corps et le Sang du Christ. Ce fut une tr\u00e8s belle messe qui s&rsquo;est termin\u00e9 par la procession autour de notre \u00e9glise.<\/p>\n\n\n\n<p>La veille, samedi, s\u2019est tenue la c\u00e9l\u00e9bration de la Confirmation en l\u2019\u00e9glise de La Jarrie. Une trentaine de jeunes de notre doyenn\u00e9 ont re\u00e7u ce sacrement, dont quinze de notre paroisse. Cette messe a \u00e9t\u00e9 c\u00e9l\u00e9br\u00e9e par notre vicaire le p\u00e8re Micka\u00ebl Le Nezet.<\/p>\n\n\n\n<p><\/p>\n\n\n\n<div class=\"wp-block-columns is-layout-flex wp-container-core-columns-is-layout-9d6595d7 wp-block-columns-is-layout-flex\">\n<div class=\"wp-block-column is-layout-flow wp-block-column-is-layout-flow\">\n<figure class=\"wp-block-image size-full\"><img loading=\"lazy\" decoding=\"async\" width=\"800\" height=\"535\" src=\"https:\/\/catholiques17.fr\/sainte-soulle\/wp-content\/uploads\/sites\/14\/2025\/06\/DSC09081.jpg\" alt=\"\" class=\"wp-image-7539\" srcset=\"https:\/\/catholiques17.fr\/sainte-soulle\/wp-content\/uploads\/sites\/14\/2025\/06\/DSC09081.jpg 800w, https:\/\/catholiques17.fr\/sainte-soulle\/wp-content\/uploads\/sites\/14\/2025\/06\/DSC09081-480x321.jpg 480w\" sizes=\"(min-width: 0px) and (max-width: 480px) 480px, (min-width: 481px) 800px, 100vw\" \/><\/figure>\n<\/div>\n\n\n\n<div class=\"wp-block-column is-layout-flow wp-block-column-is-layout-flow\">\n<figure class=\"wp-block-image size-full\"><img loading=\"lazy\" decoding=\"async\" width=\"800\" height=\"535\" src=\"https:\/\/catholiques17.fr\/sainte-soulle\/wp-content\/uploads\/sites\/14\/2025\/06\/DSC09757.jpg\" alt=\"\" class=\"wp-image-7541\" srcset=\"https:\/\/catholiques17.fr\/sainte-soulle\/wp-content\/uploads\/sites\/14\/2025\/06\/DSC09757.jpg 800w, https:\/\/catholiques17.fr\/sainte-soulle\/wp-content\/uploads\/sites\/14\/2025\/06\/DSC09757-480x321.jpg 480w\" sizes=\"(min-width: 0px) and (max-width: 480px) 480px, (min-width: 481px) 800px, 100vw\" \/><\/figure>\n<\/div>\n\n\n\n<div class=\"wp-block-column is-layout-flow wp-block-column-is-layout-flow\">\n<figure class=\"wp-block-image size-full\"><img loading=\"lazy\" decoding=\"async\" width=\"800\" height=\"535\" src=\"https:\/\/catholiques17.fr\/sainte-soulle\/wp-content\/uploads\/sites\/14\/2025\/06\/DSC09349-1.jpg\" alt=\"\" class=\"wp-image-7542\" srcset=\"https:\/\/catholiques17.fr\/sainte-soulle\/wp-content\/uploads\/sites\/14\/2025\/06\/DSC09349-1.jpg 800w, https:\/\/catholiques17.fr\/sainte-soulle\/wp-content\/uploads\/sites\/14\/2025\/06\/DSC09349-1-480x321.jpg 480w\" sizes=\"(min-width: 0px) and (max-width: 480px) 480px, (min-width: 481px) 800px, 100vw\" \/><\/figure>\n<\/div>\n<\/div>\n\n\n\n<p>Un grand merci \u00e0 toutes les familles, aux cat\u00e9chistes et aux animateurs qui ont accompagn\u00e9 les jeunes tout au long de leur cheminement.<\/p>\n\n\n\n<p>Bel \u00e9t\u00e9 \u00e0 tous et \u00e0 bient\u00f4t,<\/p>\n\n\n\n<p>En union de pri\u00e8re.<\/p>\n\n\n\n<p><\/p>\n","protected":false},"excerpt":{"rendered":"<p>Nous avons eu la joie de cl\u00f4turer cette ann\u00e9e pastorale par trois belles c\u00e9l\u00e9brations. Dimanche de la Solennit\u00e9 de la Sainte Trinit\u00e9, le 15 juin, il y a 7 enfants [&hellip;]<\/p>\n","protected":false},"author":67,"featured_media":6590,"comment_status":"open","ping_status":"open","sticky":false,"template":"","format":"standard","meta":{"_et_pb_use_builder":"off","_et_pb_old_content":"","_et_gb_content_width":"","footnotes":""},"categories":[6],"tags":[],"class_list":["post-7536","post","type-post","status-publish","format-standard","has-post-thumbnail","hentry","category-actualite"],"_links":{"self":[{"href":"https:\/\/catholiques17.fr\/sainte-soulle\/wp-json\/wp\/v2\/posts\/7536","targetHints":{"allow":["GET"]}}],"collection":[{"href":"https:\/\/catholiques17.fr\/sainte-soulle\/wp-json\/wp\/v2\/posts"}],"about":[{"href":"https:\/\/catholiques17.fr\/sainte-soulle\/wp-json\/wp\/v2\/types\/post"}],"author":[{"embeddable":true,"href":"https:\/\/catholiques17.fr\/sainte-soulle\/wp-json\/wp\/v2\/users\/67"}],"replies":[{"embeddable":true,"href":"https:\/\/catholiques17.fr\/sainte-soulle\/wp-json\/wp\/v2\/comments?post=7536"}],"version-history":[{"count":2,"href":"https:\/\/catholiques17.fr\/sainte-soulle\/wp-json\/wp\/v2\/posts\/7536\/revisions"}],"predecessor-version":[{"id":7543,"href":"https:\/\/catholiques17.fr\/sainte-soulle\/wp-json\/wp\/v2\/posts\/7536\/revisions\/7543"}],"wp:featuredmedia":[{"embeddable":true,"href":"https:\/\/catholiques17.fr\/sainte-soulle\/wp-json\/wp\/v2\/media\/6590"}],"wp:attachment":[{"href":"https:\/\/catholiques17.fr\/sainte-soulle\/wp-json\/wp\/v2\/media?parent=7536"}],"wp:term":[{"taxonomy":"category","embeddable":true,"href":"https:\/\/catholiques17.fr\/sainte-soulle\/wp-json\/wp\/v2\/categories?post=7536"},{"taxonomy":"post_tag","embeddable":true,"href":"https:\/\/catholiques17.fr\/sainte-soulle\/wp-json\/wp\/v2\/tags?post=7536"}],"curies":[{"name":"wp","href":"https:\/\/api.w.org\/{rel}","templated":true}]}}