{"id":7455,"date":"2025-06-08T09:24:06","date_gmt":"2025-06-08T07:24:06","guid":{"rendered":"https:\/\/catholiques17.fr\/sainte-soulle\/?p=7455"},"modified":"2025-06-08T09:24:07","modified_gmt":"2025-06-08T07:24:07","slug":"nominations-pour-septembre-2025","status":"publish","type":"post","link":"https:\/\/catholiques17.fr\/sainte-soulle\/2025\/06\/08\/nominations-pour-septembre-2025\/","title":{"rendered":"NOMINATIONS pour septembre 2025"},"content":{"rendered":"\n<div style=\"height:100px\" aria-hidden=\"true\" class=\"wp-block-spacer\"><\/div>\n\n\n\n<p>Par d\u00e9cision de l\u2019administrateur apostolique <em>sede plena<\/em>, et apr\u00e8s les consultations requises\u00a0:<\/p>\n\n\n\n<p><\/p>\n\n\n\n<h2 class=\"wp-block-heading\">Dioc\u00e8se<\/h2>\n\n\n\n<ul class=\"wp-block-list\">\n<li>Monsieur l\u2019abb\u00e9<strong> Micka\u00ebl LE NEZET<\/strong> est nomm\u00e9 vicaire \u00e9piscopal pour le doyenn\u00e9 de Saint-Pierre-et-Miquelon, \u00e0 compter du 1<sup>er<\/sup> septembre 2025.<\/li>\n<\/ul>\n\n\n\n<p><\/p>\n\n\n\n<h2 class=\"wp-block-heading\">Paroisses<\/h2>\n\n\n\n<h2 class=\"wp-block-heading\">Doyenn\u00e9 de La Rochelle-R\u00e9<\/h2>\n\n\n\n<h3 class=\"wp-block-heading\">Paroisse du Christ-Sauveur (La Rochelle-Centre)<\/h3>\n\n\n\n<ul class=\"wp-block-list\">\n<li>Monsieur l\u2019abb\u00e9 <strong>Joseph KAMA<\/strong>, du dioc\u00e8se de Thi\u00e8s (S\u00e9n\u00e9gal), est nomm\u00e9 vicaire, en accord avec son \u00e9v\u00eaque, \u00e0 compter du 1er septembre 2025. En \u00e9tudes \u00e0 La Rochelle, il est \u00e9galement nomm\u00e9 responsable de l\u2019aum\u00f4nerie de l\u2019Enseignement public de La Rochelle.<\/li>\n\n\n\n<li>Monsieur l\u2019abb\u00e9 <strong>Guillaume MARIE<\/strong>, du dioc\u00e8se de Bordeaux, est prolong\u00e9 dans sa mission de vicaire pour une dur\u00e9e d\u2019un an.<\/li>\n<\/ul>\n\n\n\n<h3 class=\"wp-block-heading\">Paroisse La Rochelle Sud<\/h3>\n\n\n\n<ul class=\"wp-block-list\">\n<li>Monsieur l\u2019abb\u00e9 <strong>Guy AUBURTIN<\/strong> est nomm\u00e9 cur\u00e9, \u00e0 compter du 1er septembre 2025.<\/li>\n<\/ul>\n\n\n\n<h3 class=\"wp-block-heading\">Etablissements scolaires<\/h3>\n\n\n\n<ul class=\"wp-block-list\">\n<li>Monsieur l\u2019abb\u00e9 <strong>Danijel MLADINEO<\/strong> est nomm\u00e9 pr\u00eatre r\u00e9f\u00e9rent du coll\u00e8ge et lyc\u00e9e F\u00e9nelon Notre-Dame, \u00e0 compter du 1er septembre 2025. Il conserve ses missions pr\u00e9c\u00e9dentes.<\/li>\n<\/ul>\n\n\n\n<h2 class=\"wp-block-heading\">Doyenn\u00e9 de la Plaine-d\u2019Aunis<\/h2>\n\n\n\n<h3 class=\"wp-block-heading\">Paroisse Notre-Dame des Marais (Marans)<\/h3>\n\n\n\n<ul class=\"wp-block-list\">\n<li>Monsieur l\u2019abb\u00e9 <strong>Edgard DIEME<\/strong>, de la Congr\u00e9gation du Saint-Sacrement, est nomm\u00e9 administrateur, en accord avec son sup\u00e9rieur, \u00e0 compter du 1er septembre 2025.<\/li>\n\n\n\n<li>Monsieur l\u2019abb\u00e9 <strong>Bernard SARR<\/strong>, de la Congr\u00e9gation du Saint-Sacrement, est nomm\u00e9 vicaire, en accord avec son sup\u00e9rieur, \u00e0 compter du 1er septembre 2025.<\/li>\n<\/ul>\n\n\n\n<h2 class=\"wp-block-heading\">Doyenn\u00e9 de Rochefort<\/h2>\n\n\n\n<h3 class=\"wp-block-heading\">Paroisse d\u2019Ol\u00e9ron<\/h3>\n\n\n\n<ul class=\"wp-block-list\">\n<li>Le P\u00e8re <strong>Israel IYAKNDUE<\/strong>, de la Soci\u00e9t\u00e9 Missionnaire de Saint-Paul (Nigeria), en accord avec son sup\u00e9rieur, est nomm\u00e9 vicaire, \u00e0 compter du 1er octobre 2025.<\/li>\n<\/ul>\n\n\n\n<h2 class=\"wp-block-heading\">Doyenn\u00e9 de Saint-Jean-d\u2019Ang\u00e9ly<\/h2>\n\n\n\n<h3 class=\"wp-block-heading\">Paroisse du Pays de Matha<\/h3>\n\n\n\n<ul class=\"wp-block-list\">\n<li>Monsieur l\u2019abb\u00e9 <strong>Rony JEAN<\/strong>, du dioc\u00e8se de\u00a0J\u00e9r\u00e9mie (Ha\u00efti), est nomm\u00e9 cur\u00e9 en accord avec son \u00e9v\u00eaque, \u00e0 compter du 1er septembre 2025.<\/li>\n<\/ul>\n\n\n\n<h2 class=\"wp-block-heading\">Doyenn\u00e9 de Saintes<\/h2>\n\n\n\n<h3 class=\"wp-block-heading\">Secteur pastoral de Saintes Rive&nbsp;gauche<\/h3>\n\n\n\n<ul class=\"wp-block-list\">\n<li>Monsieur l\u2019abb\u00e9 <strong>Pierre-Paul GENCE RADAMASOA<\/strong>, du dioc\u00e8se de\u00a0Morombe (Madagascar), est nomm\u00e9 vicaire en accord avec son \u00e9v\u00eaque, \u00e0 compter du 1er septembre 2025.<\/li>\n<\/ul>\n\n\n\n<h2 class=\"wp-block-heading\">Doyenn\u00e9 de Royan<\/h2>\n\n\n\n<ul class=\"wp-block-list\">\n<li>Monsieur l\u2019abb\u00e9 <strong>Sylvain LEFORT<\/strong>, de l\u2019Institut du Chemin Neuf, est nomm\u00e9 doyen, en accord avec son sup\u00e9rieur, \u00e0 compter du\u00a01er septembre 2025 pour une dur\u00e9e de trois ans.<\/li>\n<\/ul>\n\n\n\n<h3 class=\"wp-block-heading\">Paroisse de Royan \u2013 C\u00f4te de Beaut\u00e9<\/h3>\n\n\n\n<ul class=\"wp-block-list\">\n<li>Monsieur l\u2019abb\u00e9 <strong>Bertrand THEBAUT<\/strong> est nomm\u00e9 vicaire, en r\u00e9sidence \u00e0 Meschers-sur-Gironde, \u00e0 compter du 1er septembre 2025.<\/li>\n\n\n\n<li>Monsieur l\u2019abb\u00e9 <strong>Oscar AKOHA<\/strong> est nomm\u00e9 vicaire, \u00e0 compter du 1er septembre 2025.<\/li>\n<\/ul>\n\n\n\n<h2 class=\"wp-block-heading\">Doyenn\u00e9 de la Haute Saintonge<\/h2>\n\n\n\n<h3 class=\"wp-block-heading\">Paroisse de la Petite Champagne (Archiac)<\/h3>\n\n\n\n<ul class=\"wp-block-list\">\n<li>Monsieur l\u2019abb\u00e9 <strong>Jean-Rony MANOUNE<\/strong>, du dioc\u00e8se de J\u00e9r\u00e9mie (Ha\u00efti), est nomm\u00e9 administrateur, en accord avec son \u00e9v\u00eaque, \u00e0 compter du 1er octobre 2025.<\/li>\n<\/ul>\n\n\n\n<h3 class=\"wp-block-heading\">Paroisse Sainte-Th\u00e9r\u00e8se de l\u2019Enfant-J\u00e9sus (Montlieu-la-Garde)<\/h3>\n\n\n\n<ul class=\"wp-block-list\">\n<li>Monsieur l\u2019abb\u00e9 <strong>Camille COLY<\/strong> est nomm\u00e9 cur\u00e9, \u00e0 compter du 1er septembre 2025.<\/li>\n<\/ul>\n\n\n\n<h2 class=\"wp-block-heading\">Doyenn\u00e9 de Saint-Pierre-et-Miquelon<\/h2>\n\n\n\n<h3 class=\"wp-block-heading\">Paroisses de Saint-Pierre et Miquelon<\/h3>\n\n\n\n<ul class=\"wp-block-list\">\n<li>Monsieur l\u2019abb\u00e9 <strong>Antoine SAGNA<\/strong>, du dioc\u00e8se de\u00a0Ziguinchor (S\u00e9n\u00e9gal), est nomm\u00e9 cur\u00e9 en accord avec son \u00e9v\u00eaque, \u00e0 compter du\u00a01er juillet 2025.<\/li>\n\n\n\n<li>Monsieur l\u2019abb\u00e9 <strong>Guy SAGNA<\/strong>, du dioc\u00e8se de\u00a0Ziguinchor (S\u00e9n\u00e9gal), est nomm\u00e9 vicaire en accord avec son \u00e9v\u00eaque, \u00e0 compter du\u00a01er janvier 2026.<\/li>\n<\/ul>\n\n\n\n<p><\/p>\n\n\n\n<h2 class=\"wp-block-heading\">Services dioc\u00e9sains<\/h2>\n\n\n\n<ul class=\"wp-block-list\">\n<li>Monsieur <strong>Dominique VIGIE<\/strong>, diacre permanent, est nomm\u00e9 <strong>d\u00e9l\u00e9gu\u00e9 dioc\u00e9sain au diaconat<\/strong>, \u00e0 compter du\u00a01<sup>er<\/sup> juin 2025.<\/li>\n<\/ul>\n\n\n\n<p><\/p>\n\n\n\n<h2 class=\"wp-block-heading\">Communaut\u00e9s religieuses<\/h2>\n\n\n\n<ul class=\"wp-block-list\">\n<li>Les <strong>Servantes du Seigneur et de la Vierge de Matara (apostoliques)<\/strong>, jusqu\u2019\u00e0 pr\u00e9sent \u00e0 Saint-Fort-sur-Gironde, r\u00e9sideront \u00e0 Jonzac \u00e0 compter du 1<sup>er<\/sup> septembre 2025.<\/li>\n\n\n\n<li>Les <strong>Servantes de la Lumi\u00e8re du Christ<\/strong>, jusqu\u2019\u00e0 pr\u00e9sent \u00e0 Muron, r\u00e9sideront \u00e0 Saint-Fort-sur-Gironde \u00e0 compter du 1<sup>er<\/sup> septembre 2025.<\/li>\n<\/ul>\n\n\n\n<p><\/p>\n\n\n\n<h2 class=\"wp-block-heading\">Remerciements<\/h2>\n\n\n\n<p>L\u2019administrateur apostolique, au nom des dioc\u00e9sains, remercie chaleureusement pour leur d\u00e9vouement sacerdotal les pr\u00eatres qui vont quitter le dioc\u00e8se :<\/p>\n\n\n\n<ul class=\"wp-block-list\">\n<li>Monsieur l\u2019abb\u00e9 <strong>R\u00e9mi VEILLON<\/strong>, du dioc\u00e8se de Bayonne<\/li>\n\n\n\n<li>Monsieur l\u2019abb\u00e9 <strong>Ferdinand SAMBOU<\/strong>, du dioc\u00e8se de Saint-Louis (S\u00e9n\u00e9gal)<\/li>\n\n\n\n<li>Monsieur l\u2019abb\u00e9 <strong>S\u00e9verin DEMBELE<\/strong>, du dioc\u00e8se de Nouna (Burkina-Faso)<\/li>\n<\/ul>\n\n\n\n<p><\/p>\n\n\n\n<p>D\u2019autres nominations pourront \u00eatre publi\u00e9es prochainement.<\/p>\n\n\n\n<figure class=\"wp-block-table\"><table class=\"has-fixed-layout\"><tbody><tr><td><strong>Abb\u00e9 Bernard de Lisle<\/strong><br>Chancelier<\/td><td><strong>+ Fran\u00e7ois Jacolin<\/strong><br>Administrateur apostolique <em>sede plena<br><\/em>du dioc\u00e8se de La Rochelle<\/td><\/tr><\/tbody><\/table><\/figure>\n\n\n\n<p><\/p>\n\n\n\n<p><\/p>\n","protected":false},"excerpt":{"rendered":"<p>Par d\u00e9cision de l\u2019administrateur apostolique sede plena, et apr\u00e8s les consultations requises\u00a0: Dioc\u00e8se Paroisses Doyenn\u00e9 de La Rochelle-R\u00e9 Paroisse du Christ-Sauveur (La Rochelle-Centre) Paroisse La Rochelle Sud Etablissements scolaires Doyenn\u00e9 [&hellip;]<\/p>\n","protected":false},"author":67,"featured_media":7456,"comment_status":"open","ping_status":"open","sticky":false,"template":"","format":"standard","meta":{"_et_pb_use_builder":"off","_et_pb_old_content":"","_et_gb_content_width":"","footnotes":""},"categories":[6],"tags":[],"class_list":["post-7455","post","type-post","status-publish","format-standard","has-post-thumbnail","hentry","category-actualite"],"_links":{"self":[{"href":"https:\/\/catholiques17.fr\/sainte-soulle\/wp-json\/wp\/v2\/posts\/7455","targetHints":{"allow":["GET"]}}],"collection":[{"href":"https:\/\/catholiques17.fr\/sainte-soulle\/wp-json\/wp\/v2\/posts"}],"about":[{"href":"https:\/\/catholiques17.fr\/sainte-soulle\/wp-json\/wp\/v2\/types\/post"}],"author":[{"embeddable":true,"href":"https:\/\/catholiques17.fr\/sainte-soulle\/wp-json\/wp\/v2\/users\/67"}],"replies":[{"embeddable":true,"href":"https:\/\/catholiques17.fr\/sainte-soulle\/wp-json\/wp\/v2\/comments?post=7455"}],"version-history":[{"count":1,"href":"https:\/\/catholiques17.fr\/sainte-soulle\/wp-json\/wp\/v2\/posts\/7455\/revisions"}],"predecessor-version":[{"id":7457,"href":"https:\/\/catholiques17.fr\/sainte-soulle\/wp-json\/wp\/v2\/posts\/7455\/revisions\/7457"}],"wp:featuredmedia":[{"embeddable":true,"href":"https:\/\/catholiques17.fr\/sainte-soulle\/wp-json\/wp\/v2\/media\/7456"}],"wp:attachment":[{"href":"https:\/\/catholiques17.fr\/sainte-soulle\/wp-json\/wp\/v2\/media?parent=7455"}],"wp:term":[{"taxonomy":"category","embeddable":true,"href":"https:\/\/catholiques17.fr\/sainte-soulle\/wp-json\/wp\/v2\/categories?post=7455"},{"taxonomy":"post_tag","embeddable":true,"href":"https:\/\/catholiques17.fr\/sainte-soulle\/wp-json\/wp\/v2\/tags?post=7455"}],"curies":[{"name":"wp","href":"https:\/\/api.w.org\/{rel}","templated":true}]}}