{"id":7422,"date":"2025-06-05T13:49:39","date_gmt":"2025-06-05T11:49:39","guid":{"rendered":"https:\/\/catholiques17.fr\/sainte-soulle\/?p=7422"},"modified":"2025-06-05T13:49:40","modified_gmt":"2025-06-05T11:49:40","slug":"saint-jean-eude-un-apotre-infatigable-du-sacre-coeur-de-jesus","status":"publish","type":"post","link":"https:\/\/catholiques17.fr\/sainte-soulle\/2025\/06\/05\/saint-jean-eude-un-apotre-infatigable-du-sacre-coeur-de-jesus\/","title":{"rendered":"SAINT JEAN EUDE, UN APOTRE INFATIGABLE DU SACRE-COEUR DE JESUS"},"content":{"rendered":"\n<p><\/p>\n\n\n\n<p><br><br><br>Saint Jean-Eude, n\u00e9 le 14 novembre 1604, mort le 19 ao\u00fbt 1680, est un homme du XVII\u00e8me si\u00e8cle. C\u2019est un Normand authentique, issu de la moyenne paysannerie. Si Jean Eude nous s\u00e9duit aujourd\u2019hui encore, comme saint et ma\u00eetre spirituel, c\u2019est parce nous d\u00e9couvrons en lui, avant toute choses, un t\u00e9moin passionn\u00e9 de l\u2019\u00c9vangile. Il n\u2019a dit que oui (cf. 2Co 1,19-20)\u00a0: cette formule r\u00e9sume bien ce que l\u2019on voit chez lui de fa\u00e7on de plus en plus patente, que ce l\u2019on touche presque du doigt\u00a0: progression d\u2019une v\u00e9ritable conversion, d\u00e9centrement de soi, croissance dans la gr\u00e2ce, disponibilit\u00e9 de plus en plus d\u00e9pouill\u00e9e, de plus en plus effective, aux appels de Dieu. Dire \u00ab\u00a0oui\u00a0\u00bb en ce sens, ainsi qu\u2019il l\u2019exprime lui-m\u00eame, ce sera toujours identiquement \u00ab\u00a0Chercher en tout la volont\u00e9 de Dieu\u00a0\u00bb. Par ailleurs, Jean Eude est au fond un homme qui, tout au long de sa vie, se d\u00e9crispe sous la gr\u00e2ce, en s\u2019ouvrant au \u00ab\u00a0C\u0153ur de Dieu.\u00a0\u00bb<\/p>\n\n\n\n<p><\/p>\n\n\n\n<p>Saint Jean Eude \u00e9tait le premier qui c\u00e9l\u00e9brait l\u2019office et la messe du C\u0153ur de J\u00e9sus.<\/p>\n\n\n\n<p>Ce qui s\u2019\u00e9merveille saint Jean Eude, c\u2019est que tout chr\u00e9tien, de par son bapt\u00eame, peut vivre accord\u00e9 \u00e0 ce C\u0153ur immense qu\u2019est le C\u0153ur de J\u00e9sus. Il disait\u00a0: \u00ab\u00a0Ne vous contentez pas d\u2019aimer Dieu avec votre c\u0153ur humain\u00a0; cela est trop peu de chose, cela n\u2019est rien\u00a0; aimez-le en tout l\u2019amour de votre grand C\u0153ur\u2026\u00a0\u00bb (Le C\u0153ur admirable\u2026 OC, VI, 264). Pour saint Jean Eude, l\u2019amour du P\u00e8re vous r\u00e9v\u00e8le par J\u00e9sus. C\u2019est la raison pour laquelle dans le C\u0153ur de J\u00e9sus, l\u2019amour est ainsi en permanence \u00ab\u00a0sous l\u2019angle d\u2019une disponibilit\u00e9 filiale et courageuse, appel\u00e9e \u00e0 se traduire toujours et encore dans des actes concrets.\u00a0\u00bb \u00e9crit Joseph CAILLOT dans son article intitul\u00e9 \u00ab\u00a0<em>Saint Jean Eude\u00a0: un itin\u00e9raire spirituel vers le C\u0153ur de J\u00e9sus\u00a0<\/em>\u00bb <br><a href=\"https:\/\/www.eudistes.fr\/spiritualite\/bibliotheque-texte-eudiste\/item\/236-saint-jean-eudes-un-itineraire-spirituel-vers-le-coeur-de-jesus\">https:\/\/www.eudistes.fr\/spiritualite\/bibliotheque-texte-eudiste\/item\/236-saint-jean-eudes-un-itineraire-spirituel-vers-le-coeur-de-jesus<\/a><\/p>\n\n\n\n<p><br><em><strong>Quel c\u0153ur plus adorable, plus aimable et plus admirable que le C\u0153ur de cet Homme-Dieu qui s\u2019appelle J\u00e9sus ?<\/strong><\/em><br><br>\u00e9crivait saint Jean Eudes aux pr\u00eatres de sa congr\u00e9gation. Pour lui, \u00ab\u00a0<br><em>l\u2019\u0153uvre des \u0153uvres, c\u2019est la formation de J\u00e9sus en nous.<\/em><br>\u00a0\u00bb Et comment\u00a0\u00ab\u00a0former J\u00e9sus\u00a0\u00bb\u00a0? \u00ab\u00a0<br><em>Ce doit \u00eatre notre d\u00e9sir, notre soin et notre occupation principale, que de former J\u00e9sus en nous, c\u2019est-\u00e0-dire de le faire vivre et r\u00e9gner en nous.<\/em><br>\u00a0\u00bb<\/p>\n\n\n\n<p><br>Dans un de ses ouvrages, Jean Eudes \u00e9crira : \u00ab\u00a0<br><em>Le saint exercice de l\u2019oraison doit \u00eatre mis au rang des principaux fondements de la vie et de la saintet\u00e9 chr\u00e9tiennes, parce que toute la vie de J\u00e9sus-Christ n\u2019a \u00e9t\u00e9 qu\u2019une perp\u00e9tuelle oraison\u2026 [C\u2019est] une chose si importante et si absolument n\u00e9cessaire, que la terre qui nous porte, l\u2019air que nous respirons, le pain qui nous sustente, le c\u0153ur qui bat dans notre poitrine, ne sont point aussi n\u00e9cessaires \u00e0 l\u2019homme pour vivre humainement que l\u2019oraison ne l\u2019est \u00e0 un chr\u00e9tien pour vivre chr\u00e9tiennement. Or, l\u2019oraison est une \u00e9l\u00e9vation respectueuse et amoureuse de notre esprit et de notre c\u0153ur vers Dieu. C\u2019est un doux entretien, une sainte communication et une divine conversation de l\u2019\u00e2me chr\u00e9tienne avec son Dieu, l\u00e0 o\u00f9 elle le consid\u00e8re et contemple dans ses divines perfections, dans ses myst\u00e8res et dans ses \u0153uvres ; elle l\u2019adore, le b\u00e9nit, l\u2019aime, le glorifie, se donne \u00e0 lui, s\u2019humilie devant lui en la vue de ses p\u00e9ch\u00e9s et ingratitudes, le prie de lui faire mis\u00e9ricorde, apprend \u00e0 se rendre semblable \u00e0 lui en imitant ses divines vertus et perfections, et enfin lui demande toutes les choses dont elle a besoin pour le servir et aimer<\/em><br>\u00a0\u00bb (La vie et le royaume de J\u00e9sus dans les \u00e2mes chr\u00e9tiennes, 1637).<\/p>\n\n\n\n<p><br>Que chacun de nous sache nous laisser le Christ demeurer, vivre et grandir dans notre c\u0153ur\u00a0: \u00ab\u00a0Je vis, mais ce n\u2019est plus moi, c\u2019est le Christ qui vit en moi.\u00a0\u00bb (Ga 2,20).<\/p>\n\n\n\n<p><\/p>\n\n\n\n<p><\/p>\n","protected":false},"excerpt":{"rendered":"<p>Saint Jean-Eude, n\u00e9 le 14 novembre 1604, mort le 19 ao\u00fbt 1680, est un homme du XVII\u00e8me si\u00e8cle. C\u2019est un Normand authentique, issu de la moyenne paysannerie. Si Jean Eude [&hellip;]<\/p>\n","protected":false},"author":67,"featured_media":0,"comment_status":"open","ping_status":"open","sticky":false,"template":"","format":"standard","meta":{"_et_pb_use_builder":"off","_et_pb_old_content":"","_et_gb_content_width":"","footnotes":""},"categories":[6],"tags":[],"class_list":["post-7422","post","type-post","status-publish","format-standard","hentry","category-actualite"],"_links":{"self":[{"href":"https:\/\/catholiques17.fr\/sainte-soulle\/wp-json\/wp\/v2\/posts\/7422","targetHints":{"allow":["GET"]}}],"collection":[{"href":"https:\/\/catholiques17.fr\/sainte-soulle\/wp-json\/wp\/v2\/posts"}],"about":[{"href":"https:\/\/catholiques17.fr\/sainte-soulle\/wp-json\/wp\/v2\/types\/post"}],"author":[{"embeddable":true,"href":"https:\/\/catholiques17.fr\/sainte-soulle\/wp-json\/wp\/v2\/users\/67"}],"replies":[{"embeddable":true,"href":"https:\/\/catholiques17.fr\/sainte-soulle\/wp-json\/wp\/v2\/comments?post=7422"}],"version-history":[{"count":1,"href":"https:\/\/catholiques17.fr\/sainte-soulle\/wp-json\/wp\/v2\/posts\/7422\/revisions"}],"predecessor-version":[{"id":7423,"href":"https:\/\/catholiques17.fr\/sainte-soulle\/wp-json\/wp\/v2\/posts\/7422\/revisions\/7423"}],"wp:attachment":[{"href":"https:\/\/catholiques17.fr\/sainte-soulle\/wp-json\/wp\/v2\/media?parent=7422"}],"wp:term":[{"taxonomy":"category","embeddable":true,"href":"https:\/\/catholiques17.fr\/sainte-soulle\/wp-json\/wp\/v2\/categories?post=7422"},{"taxonomy":"post_tag","embeddable":true,"href":"https:\/\/catholiques17.fr\/sainte-soulle\/wp-json\/wp\/v2\/tags?post=7422"}],"curies":[{"name":"wp","href":"https:\/\/api.w.org\/{rel}","templated":true}]}}