{"id":7317,"date":"2025-05-16T08:57:57","date_gmt":"2025-05-16T06:57:57","guid":{"rendered":"https:\/\/catholiques17.fr\/sainte-soulle\/?p=7317"},"modified":"2025-05-16T08:57:58","modified_gmt":"2025-05-16T06:57:58","slug":"le-8-mai-80-ans-depuis-1945","status":"publish","type":"post","link":"https:\/\/catholiques17.fr\/sainte-soulle\/2025\/05\/16\/le-8-mai-80-ans-depuis-1945\/","title":{"rendered":"LE 8 MAI: 80 ans depuis 1945"},"content":{"rendered":"\n<div style=\"height:35px\" aria-hidden=\"true\" class=\"wp-block-spacer\"><\/div>\n\n\n\n<p class=\"has-text-align-center\">\u00c0 l&rsquo;occasion de comm\u00e9moration du 8 mai 1945 le p\u00e8re Jean, cur\u00e9 de la paroisse St Vincent de Paul, a c\u00e9l\u00e9br\u00e9 une messe \u00e0 l&rsquo;intention des soldats morts pour la France \u00e0 la demande de la mairie de Sainte-Soulle en pr\u00e9sence de M. le Maire Bertrand AYRAL et son adjointe Mme BEAUDEAU et d&rsquo;autres membres du conseil municipal. La mairie a organis\u00e9 une grande f\u00eate pour l&rsquo;occasion.&nbsp;<\/p>\n\n\n\n<p class=\"has-text-align-center\">Plusieurs activit\u00e9s se sont d\u00e9roul\u00e9es tout au long de la journ\u00e9e. Beaucoup d&rsquo;habitants \u00e9taient habill\u00e9s en style ann\u00e9e 1940. Le plus marquant c&rsquo;\u00e9tait le cort\u00e8ge compos\u00e9 de centaines d&rsquo;habitants ainsi que de voitures de l&rsquo;\u00e9poque qui ont d\u00e9anbul\u00e9 depuis la mairie en passant devant l&rsquo;\u00e9glise de Sainte-Soulle. Le cort\u00e8ge s&rsquo;est arr\u00eat\u00e9 devant l&rsquo;\u00e9glise pour recevoir une b\u00e9n\u00e9diction de la part du p\u00e8re Jean. Le cort\u00e8ge a termin\u00e9 la marche devant le monument mort.&nbsp;<\/p>\n\n\n\n<p class=\"has-text-align-center\">\u00ab\u00a0\u00d4 Dieu notre P\u00e8re, source in\u00e9puisable de vie et de paix, accueille dans tes bras mis\u00e9ricordieux les soldats morts durant la guerre qui, ici, a fait rage, les soldats morts de chaque guerre qui a ensanglant\u00e9 la terre. Accorde leur de jouir de la lumi\u00e8re sans d\u00e9clin, qu\u2019ils ont entrevue dans la foi et d\u00e9sir\u00e9e durant leur p\u00e8lerinage terrestre\u00a0\u00bb<\/p>\n\n\n\n<div style=\"height:43px\" aria-hidden=\"true\" class=\"wp-block-spacer\"><\/div>\n\n\n\n<div class=\"wp-block-columns is-layout-flex wp-container-core-columns-is-layout-9d6595d7 wp-block-columns-is-layout-flex\">\n<div class=\"wp-block-column is-layout-flow wp-block-column-is-layout-flow\">\n<figure class=\"wp-block-image size-full\"><img loading=\"lazy\" decoding=\"async\" width=\"800\" height=\"800\" src=\"https:\/\/catholiques17.fr\/sainte-soulle\/wp-content\/uploads\/sites\/14\/2025\/05\/IMG-20250508-WA0035-1.jpg\" alt=\"\" class=\"wp-image-7322\" srcset=\"https:\/\/catholiques17.fr\/sainte-soulle\/wp-content\/uploads\/sites\/14\/2025\/05\/IMG-20250508-WA0035-1.jpg 800w, https:\/\/catholiques17.fr\/sainte-soulle\/wp-content\/uploads\/sites\/14\/2025\/05\/IMG-20250508-WA0035-1-480x480.jpg 480w\" sizes=\"(min-width: 0px) and (max-width: 480px) 480px, (min-width: 481px) 800px, 100vw\" \/><\/figure>\n\n\n\n<div style=\"height:50px\" aria-hidden=\"true\" class=\"wp-block-spacer\"><\/div>\n<\/div>\n\n\n\n<div class=\"wp-block-column is-layout-flow wp-block-column-is-layout-flow\">\n<figure class=\"wp-block-image size-full\"><img loading=\"lazy\" decoding=\"async\" width=\"800\" height=\"360\" src=\"https:\/\/catholiques17.fr\/sainte-soulle\/wp-content\/uploads\/sites\/14\/2025\/05\/IMG-20250508-WA0032-2.jpg\" alt=\"\" class=\"wp-image-7323\" srcset=\"https:\/\/catholiques17.fr\/sainte-soulle\/wp-content\/uploads\/sites\/14\/2025\/05\/IMG-20250508-WA0032-2.jpg 800w, https:\/\/catholiques17.fr\/sainte-soulle\/wp-content\/uploads\/sites\/14\/2025\/05\/IMG-20250508-WA0032-2-480x216.jpg 480w\" sizes=\"(min-width: 0px) and (max-width: 480px) 480px, (min-width: 481px) 800px, 100vw\" \/><\/figure>\n\n\n\n<div style=\"height:100px\" aria-hidden=\"true\" class=\"wp-block-spacer\"><\/div>\n<\/div>\n\n\n\n<div class=\"wp-block-column is-layout-flow wp-block-column-is-layout-flow\">\n<figure class=\"wp-block-image size-full\"><img loading=\"lazy\" decoding=\"async\" width=\"800\" height=\"800\" src=\"https:\/\/catholiques17.fr\/sainte-soulle\/wp-content\/uploads\/sites\/14\/2025\/05\/IMG-20250508-WA0036.jpg\" alt=\"\" class=\"wp-image-7324\" srcset=\"https:\/\/catholiques17.fr\/sainte-soulle\/wp-content\/uploads\/sites\/14\/2025\/05\/IMG-20250508-WA0036.jpg 800w, https:\/\/catholiques17.fr\/sainte-soulle\/wp-content\/uploads\/sites\/14\/2025\/05\/IMG-20250508-WA0036-480x480.jpg 480w\" sizes=\"(min-width: 0px) and (max-width: 480px) 480px, (min-width: 481px) 800px, 100vw\" \/><\/figure>\n\n\n\n<div style=\"height:60px\" aria-hidden=\"true\" class=\"wp-block-spacer\"><\/div>\n<\/div>\n<\/div>\n","protected":false},"excerpt":{"rendered":"<p>\u00c0 l&rsquo;occasion de comm\u00e9moration du 8 mai 1945 le p\u00e8re Jean, cur\u00e9 de la paroisse St Vincent de Paul, a c\u00e9l\u00e9br\u00e9 une messe \u00e0 l&rsquo;intention des soldats morts pour la [&hellip;]<\/p>\n","protected":false},"author":67,"featured_media":7318,"comment_status":"open","ping_status":"open","sticky":false,"template":"","format":"standard","meta":{"_et_pb_use_builder":"off","_et_pb_old_content":"","_et_gb_content_width":"","footnotes":""},"categories":[6],"tags":[],"class_list":["post-7317","post","type-post","status-publish","format-standard","has-post-thumbnail","hentry","category-actualite"],"_links":{"self":[{"href":"https:\/\/catholiques17.fr\/sainte-soulle\/wp-json\/wp\/v2\/posts\/7317","targetHints":{"allow":["GET"]}}],"collection":[{"href":"https:\/\/catholiques17.fr\/sainte-soulle\/wp-json\/wp\/v2\/posts"}],"about":[{"href":"https:\/\/catholiques17.fr\/sainte-soulle\/wp-json\/wp\/v2\/types\/post"}],"author":[{"embeddable":true,"href":"https:\/\/catholiques17.fr\/sainte-soulle\/wp-json\/wp\/v2\/users\/67"}],"replies":[{"embeddable":true,"href":"https:\/\/catholiques17.fr\/sainte-soulle\/wp-json\/wp\/v2\/comments?post=7317"}],"version-history":[{"count":1,"href":"https:\/\/catholiques17.fr\/sainte-soulle\/wp-json\/wp\/v2\/posts\/7317\/revisions"}],"predecessor-version":[{"id":7325,"href":"https:\/\/catholiques17.fr\/sainte-soulle\/wp-json\/wp\/v2\/posts\/7317\/revisions\/7325"}],"wp:featuredmedia":[{"embeddable":true,"href":"https:\/\/catholiques17.fr\/sainte-soulle\/wp-json\/wp\/v2\/media\/7318"}],"wp:attachment":[{"href":"https:\/\/catholiques17.fr\/sainte-soulle\/wp-json\/wp\/v2\/media?parent=7317"}],"wp:term":[{"taxonomy":"category","embeddable":true,"href":"https:\/\/catholiques17.fr\/sainte-soulle\/wp-json\/wp\/v2\/categories?post=7317"},{"taxonomy":"post_tag","embeddable":true,"href":"https:\/\/catholiques17.fr\/sainte-soulle\/wp-json\/wp\/v2\/tags?post=7317"}],"curies":[{"name":"wp","href":"https:\/\/api.w.org\/{rel}","templated":true}]}}