{"id":7309,"date":"2025-05-14T11:24:24","date_gmt":"2025-05-14T09:24:24","guid":{"rendered":"https:\/\/catholiques17.fr\/sainte-soulle\/?p=7309"},"modified":"2025-05-14T11:24:24","modified_gmt":"2025-05-14T09:24:24","slug":"samedi-31-mai-pelerinage-pour-les-vocations","status":"publish","type":"post","link":"https:\/\/catholiques17.fr\/sainte-soulle\/2025\/05\/14\/samedi-31-mai-pelerinage-pour-les-vocations\/","title":{"rendered":"Samedi 31 mai : p\u00e8lerinage pour les vocations"},"content":{"rendered":"\n<div style=\"height:58px\" aria-hidden=\"true\" class=\"wp-block-spacer\"><\/div>\n\n\n\n<h3 class=\"wp-block-heading\">Le dioc\u00e8se de La Rochelle vous invite \u00e0 venir prier pour les vocations le samedi 31 mai 2025 \u00e0 Pons.<\/h3>\n\n\n\n<p>Apr\u00e8s un p\u00e8lerinage depuis Saint-L\u00e9ger, nous nous retrouverons aupr\u00e8s de Notre-Dame de Recouvrance pour des temps de t\u00e9moignage, de pri\u00e8re, de partage et pour un repas, avant de monter en procession vers l\u2019\u00e9glise Saint-Martin pour y c\u00e9l\u00e9brer la messe.<\/p>\n\n\n\n<p>Paroissiens de tous \u00e2ges, aum\u00f4neries, mouvements de jeunes, familles, rendez-vous nombreux pour demander \u00e0 Dieu que des jeunes osent s\u2019engager au service de Dieu, de l\u2019Eglise et du monde entier, dans le sacerdoce, la vie consacr\u00e9e et le mariage !<\/p>\n\n\n\n<div style=\"height:57px\" aria-hidden=\"true\" class=\"wp-block-spacer\"><\/div>\n\n\n\n<hr class=\"wp-block-separator has-text-color has-alpha-channel-opacity has-background is-style-wide\" style=\"background-color:#448ab2;color:#448ab2\" \/>\n\n\n\n<div style=\"height:57px\" aria-hidden=\"true\" class=\"wp-block-spacer\"><\/div>\n\n\n\n<h2 class=\"wp-block-heading has-text-align-center\">Programme du p\u00e8lerinage<\/h2>\n\n\n\n<div style=\"height:57px\" aria-hidden=\"true\" class=\"wp-block-spacer\"><\/div>\n\n\n\n<ul class=\"wp-block-list\">\n<li>9h00 : Rendez-vous \u00e0 l\u2019\u00e9glise de St-L\u00e9ger, caf\u00e9 d\u2019accueil, pri\u00e8re<\/li>\n\n\n\n<li>Marche, chants, chapelet, t\u00e9moignages<\/li>\n\n\n\n<li>11h : Accueil \u00e0 l\u2019\u00e9glise St-Vivien de Pons pour les non-marcheurs , chapelet, adoration<\/li>\n\n\n\n<li>12h30 : Arriv\u00e9e \u00e0 l\u2019\u00e9glise St-Vivien, ap\u00e9ritif et pique-nique<\/li>\n\n\n\n<li>13h45 : Ateliers dans le \u00ab village vocationnel \u00bb, louange et confessions<\/li>\n\n\n\n<li>14h45 : D\u00e9part de la procession vers l\u2019\u00e9glise St-Martin de Pons<\/li>\n\n\n\n<li>15h30 : Messe de cl\u00f4ture \u00e0 l\u2019\u00e9glise St-Martin<\/li>\n<\/ul>\n\n\n\n<div style=\"height:50px\" aria-hidden=\"true\" class=\"wp-block-spacer\"><\/div>\n\n\n\n<div class=\"wp-block-columns is-layout-flex wp-container-core-columns-is-layout-9d6595d7 wp-block-columns-is-layout-flex\">\n<div class=\"wp-block-column is-layout-flow wp-block-column-is-layout-flow\">\n<figure class=\"wp-block-image aligncenter size-full\"><img decoding=\"async\" src=\"https:\/\/catholiques17.fr\/sainte-soulle\/wp-content\/uploads\/sites\/14\/2025\/05\/Priere-vocations-1.jpg\" alt=\"\" class=\"wp-image-7311\" \/><\/figure>\n<\/div>\n\n\n\n<div class=\"wp-block-column is-layout-flow wp-block-column-is-layout-flow\">\n<figure class=\"wp-block-image aligncenter size-full\"><img decoding=\"async\" src=\"https:\/\/catholiques17.fr\/sainte-soulle\/wp-content\/uploads\/sites\/14\/2025\/05\/Priere-vocations-2.jpg\" alt=\"\" class=\"wp-image-7312\" \/><\/figure>\n<\/div>\n<\/div>\n","protected":false},"excerpt":{"rendered":"<p>Le dioc\u00e8se de La Rochelle vous invite \u00e0 venir prier pour les vocations le samedi 31 mai 2025 \u00e0 Pons. Apr\u00e8s un p\u00e8lerinage depuis Saint-L\u00e9ger, nous nous retrouverons aupr\u00e8s de [&hellip;]<\/p>\n","protected":false},"author":82,"featured_media":0,"comment_status":"open","ping_status":"open","sticky":false,"template":"","format":"standard","meta":{"_et_pb_use_builder":"off","_et_pb_old_content":"","_et_gb_content_width":"","footnotes":""},"categories":[6,33],"tags":[],"class_list":["post-7309","post","type-post","status-publish","format-standard","hentry","category-actualite","category-pelerinage"],"_links":{"self":[{"href":"https:\/\/catholiques17.fr\/sainte-soulle\/wp-json\/wp\/v2\/posts\/7309","targetHints":{"allow":["GET"]}}],"collection":[{"href":"https:\/\/catholiques17.fr\/sainte-soulle\/wp-json\/wp\/v2\/posts"}],"about":[{"href":"https:\/\/catholiques17.fr\/sainte-soulle\/wp-json\/wp\/v2\/types\/post"}],"author":[{"embeddable":true,"href":"https:\/\/catholiques17.fr\/sainte-soulle\/wp-json\/wp\/v2\/users\/82"}],"replies":[{"embeddable":true,"href":"https:\/\/catholiques17.fr\/sainte-soulle\/wp-json\/wp\/v2\/comments?post=7309"}],"version-history":[{"count":2,"href":"https:\/\/catholiques17.fr\/sainte-soulle\/wp-json\/wp\/v2\/posts\/7309\/revisions"}],"predecessor-version":[{"id":7314,"href":"https:\/\/catholiques17.fr\/sainte-soulle\/wp-json\/wp\/v2\/posts\/7309\/revisions\/7314"}],"wp:attachment":[{"href":"https:\/\/catholiques17.fr\/sainte-soulle\/wp-json\/wp\/v2\/media?parent=7309"}],"wp:term":[{"taxonomy":"category","embeddable":true,"href":"https:\/\/catholiques17.fr\/sainte-soulle\/wp-json\/wp\/v2\/categories?post=7309"},{"taxonomy":"post_tag","embeddable":true,"href":"https:\/\/catholiques17.fr\/sainte-soulle\/wp-json\/wp\/v2\/tags?post=7309"}],"curies":[{"name":"wp","href":"https:\/\/api.w.org\/{rel}","templated":true}]}}