{"id":7293,"date":"2025-05-14T10:38:49","date_gmt":"2025-05-14T08:38:49","guid":{"rendered":"https:\/\/catholiques17.fr\/sainte-soulle\/?p=7293"},"modified":"2025-05-14T10:38:49","modified_gmt":"2025-05-14T08:38:49","slug":"qui-est-leon-xiv","status":"publish","type":"post","link":"https:\/\/catholiques17.fr\/sainte-soulle\/2025\/05\/14\/qui-est-leon-xiv\/","title":{"rendered":"Qui est L\u00e9on XIV ?"},"content":{"rendered":"\n<div style=\"height:50px\" aria-hidden=\"true\" class=\"wp-block-spacer\"><\/div>\n\n\n\n<p>Le cardinal am\u00e9ricain Mgr Robert Francis Prevost, a \u00e9t\u00e9 \u00e9lu Pape le 8 mai 2025. N\u00e9 \u00e0 Chicago en 1955, s\u2019est illustr\u00e9 par un parcours international entre missions au P\u00e9rou, responsabilit\u00e9s \u00e0 la t\u00eate de l\u2019Ordre de Saint-Augustin et hautes fonctions au Vatican. Polyglotte, canoniste et homme de dialogue, il a \u00e9t\u00e9 nomm\u00e9 cardinal en 2023, avant d\u2019acc\u00e9der \u00e0 la t\u00eate du Dicast\u00e8re pour les \u00e9v\u00eaques, puis d\u2019\u00eatre \u00e9lu pape sous le nom de L\u00e9on XIV.<\/p>\n\n\n\n<div style=\"height:19px\" aria-hidden=\"true\" class=\"wp-block-spacer\"><\/div>\n\n\n\n<p><strong>Origine et formation<\/strong><\/p>\n\n\n\n<p>Mgr Robert Francis Prevost est n\u00e9 le 14 septembre 1955 \u00e0 Chicago, aux \u00c9tats-Unis, dans une famille d\u2019ascendance fran\u00e7aise, italienne et espagnole. Apr\u00e8s avoir termin\u00e9 ses \u00e9tudes secondaires au petit&nbsp;s\u00e9minaire&nbsp;de l\u2019ordre de Saint-Augustin en 1973, il obtient un bachelor en math\u00e9matiques \u00e0 l\u2019universit\u00e9 Villanova pr\u00e8s de Philadelphie en 1977. Il entre chez les Augustins la m\u00eame ann\u00e9e, prononce ses premiers v\u0153ux en 1978 et sa profession solennelle en 1981. Il re\u00e7oit une licence en th\u00e9ologie de la Catholic Theological Union de Chicago.<\/p>\n\n\n\n<div style=\"height:19px\" aria-hidden=\"true\" class=\"wp-block-spacer\"><\/div>\n\n\n\n<p><strong>Pr\u00eatre missionnaire<\/strong><\/p>\n\n\n\n<p>Ordonn\u00e9&nbsp;pr\u00eatre&nbsp;\u00e0 Rome le 19 juin 1982, il poursuit des \u00e9tudes de droit canonique \u00e0 l\u2019Universit\u00e9 pontificale Saint-Thomas-d\u2019Aquin (Angelicum), o\u00f9 il obtient une licence en 1984 puis un doctorat en 1987, avec une th\u00e8se sur le r\u00f4le du prieur local dans l\u2019Ordre de Saint-Augustin. D\u00e8s 1985, il part en mission au P\u00e9rou, o\u00f9 il devient chancelier de la pr\u00e9lature territoriale de Chulucanas et&nbsp;vicaire&nbsp;de la cath\u00e9drale. Apr\u00e8s un court retour aux \u00c9tats-Unis, il retourne au P\u00e9rou en 1988, o\u00f9 il dirige le&nbsp;s\u00e9minaire&nbsp;des Augustins de Trujillo, enseigne le droit canonique, la patristique et la morale, et fonde une&nbsp;paroisse&nbsp;dans la p\u00e9riph\u00e9rie pauvre de la ville.<\/p>\n\n\n\n<div style=\"height:19px\" aria-hidden=\"true\" class=\"wp-block-spacer\"><\/div>\n\n\n\n<p><strong>Responsabilit\u00e9 dans l\u2019Ordre de Saint-Augustin<\/strong><\/p>\n\n\n\n<p>En 1999, il est \u00e9lu provincial de la province du Midwest des Augustins \u00e0 Chicago. De 2001 \u00e0 2013, il est prieur g\u00e9n\u00e9ral de l\u2019Ordre de Saint-Augustin, exer\u00e7ant ainsi la plus haute responsabilit\u00e9 de son&nbsp;ordre religieux.<\/p>\n\n\n\n<div style=\"height:19px\" aria-hidden=\"true\" class=\"wp-block-spacer\"><\/div>\n\n\n\n<p><strong>Ev\u00eaque, pr\u00e9fet du Vatican et cardinal<\/strong><\/p>\n\n\n\n<p>En novembre 2014, le pape Fran\u00e7ois le nomme administrateur apostolique, puis \u00e9v\u00eaque du&nbsp;dioc\u00e8se&nbsp;de Chiclayo au P\u00e9rou en 2015, dans un contexte difficile pour l\u2019\u00c9glise locale. Il est ensuite appel\u00e9 \u00e0 Rome pour succ\u00e9der au&nbsp;cardinal&nbsp;Ouellet comme pr\u00e9fet du&nbsp;Dicast\u00e8re&nbsp;pour les \u00e9v\u00eaques, prenant ses fonctions le 12 avril 2023. Ce&nbsp;dicast\u00e8re&nbsp;joue un r\u00f4le central dans la s\u00e9lection des \u00e9v\u00eaques \u00e0 travers le monde. Mgr Prevost est cr\u00e9\u00e9&nbsp;cardinal&nbsp;par le pape Fran\u00e7ois le 30 septembre 2023.<\/p>\n\n\n\n<div style=\"height:19px\" aria-hidden=\"true\" class=\"wp-block-spacer\"><\/div>\n\n\n\n<p><strong>Un pontife polyglotte et proche des peuples<\/strong><\/p>\n\n\n\n<p>Ma\u00eetrisant l\u2019anglais, l\u2019espagnol, l\u2019italien, le fran\u00e7ais et le portugais, le nouveau pape est reconnu pour sa capacit\u00e9 \u00e0 dialoguer avec des cultures diverses et \u00e0 s\u2019adapter aux r\u00e9alit\u00e9s locales. Son exp\u00e9rience au P\u00e9rou, notamment dans des contextes de crise, a forg\u00e9 un pasteur attentif aux d\u00e9fis contemporains et \u00e0 la synodalit\u00e9, th\u00e8me cher au pontificat pr\u00e9c\u00e9dent.&nbsp; Sa devise, \u00ab In illo uno unum \u00bb (\u00ab dans Celui qui est Un, \u00eatre unis \u00bb), annonce un pontificat plac\u00e9 sous le signe de l\u2019unit\u00e9 et de la proximit\u00e9 avec les p\u00e9riph\u00e9ries.<\/p>\n\n\n\n<div style=\"height:55px\" aria-hidden=\"true\" class=\"wp-block-spacer\"><\/div>\n","protected":false},"excerpt":{"rendered":"<p>Le cardinal am\u00e9ricain Mgr Robert Francis Prevost, a \u00e9t\u00e9 \u00e9lu Pape le 8 mai 2025. N\u00e9 \u00e0 Chicago en 1955, s\u2019est illustr\u00e9 par un parcours international entre missions au P\u00e9rou, [&hellip;]<\/p>\n","protected":false},"author":82,"featured_media":7294,"comment_status":"open","ping_status":"open","sticky":false,"template":"","format":"standard","meta":{"_et_pb_use_builder":"off","_et_pb_old_content":"","_et_gb_content_width":"","footnotes":""},"categories":[6,32],"tags":[],"class_list":["post-7293","post","type-post","status-publish","format-standard","has-post-thumbnail","hentry","category-actualite","category-pape-leon-xiv"],"_links":{"self":[{"href":"https:\/\/catholiques17.fr\/sainte-soulle\/wp-json\/wp\/v2\/posts\/7293","targetHints":{"allow":["GET"]}}],"collection":[{"href":"https:\/\/catholiques17.fr\/sainte-soulle\/wp-json\/wp\/v2\/posts"}],"about":[{"href":"https:\/\/catholiques17.fr\/sainte-soulle\/wp-json\/wp\/v2\/types\/post"}],"author":[{"embeddable":true,"href":"https:\/\/catholiques17.fr\/sainte-soulle\/wp-json\/wp\/v2\/users\/82"}],"replies":[{"embeddable":true,"href":"https:\/\/catholiques17.fr\/sainte-soulle\/wp-json\/wp\/v2\/comments?post=7293"}],"version-history":[{"count":2,"href":"https:\/\/catholiques17.fr\/sainte-soulle\/wp-json\/wp\/v2\/posts\/7293\/revisions"}],"predecessor-version":[{"id":7296,"href":"https:\/\/catholiques17.fr\/sainte-soulle\/wp-json\/wp\/v2\/posts\/7293\/revisions\/7296"}],"wp:featuredmedia":[{"embeddable":true,"href":"https:\/\/catholiques17.fr\/sainte-soulle\/wp-json\/wp\/v2\/media\/7294"}],"wp:attachment":[{"href":"https:\/\/catholiques17.fr\/sainte-soulle\/wp-json\/wp\/v2\/media?parent=7293"}],"wp:term":[{"taxonomy":"category","embeddable":true,"href":"https:\/\/catholiques17.fr\/sainte-soulle\/wp-json\/wp\/v2\/categories?post=7293"},{"taxonomy":"post_tag","embeddable":true,"href":"https:\/\/catholiques17.fr\/sainte-soulle\/wp-json\/wp\/v2\/tags?post=7293"}],"curies":[{"name":"wp","href":"https:\/\/api.w.org\/{rel}","templated":true}]}}