{"id":6677,"date":"2024-11-07T10:17:55","date_gmt":"2024-11-07T09:17:55","guid":{"rendered":"https:\/\/catholiques17.fr\/sainte-soulle\/?p=6677"},"modified":"2024-11-07T10:51:09","modified_gmt":"2024-11-07T09:51:09","slug":"le-denier-de-leglise","status":"publish","type":"post","link":"https:\/\/catholiques17.fr\/sainte-soulle\/2024\/11\/07\/le-denier-de-leglise\/","title":{"rendered":"Le denier de l&rsquo;Eglise"},"content":{"rendered":"\n<p>Cr\u00e9e par l&rsquo;Eglise catholique en France apr\u00e8s la s\u00e9p\u00e9ration de l&rsquo;Eglise et de l&rsquo;Etat en 1905, le \u00ab\u00a0denier du clerg\u00e9\u00a0\u00bb a \u00e9t\u00e9 institu\u00e9 pour permettre le traitement des pr\u00eatres qui \u00e9tait jusqu&rsquo;alors pris en charge par l&rsquo;Etat. Cette collecte aupr\u00e8s des fid\u00e8les s&rsquo;est ensuite appel\u00e9e \u00ab\u00a0denier du culte\u00a0\u00bb, terme qui est encore souvent employ\u00e9, puis est devenue, depuis 1989, le \u00ab\u00a0denier de l&rsquo;Eglise\u00a0\u00bb.<\/p>\n\n\n\n<figure class=\"wp-block-embed is-type-video is-provider-youtube wp-block-embed-youtube wp-embed-aspect-16-9 wp-has-aspect-ratio\"><div class=\"wp-block-embed__wrapper\">\n<iframe loading=\"lazy\" title=\"Quelles sont les ressources de l&#039;\u00c9glise ?\" width=\"1080\" height=\"608\" src=\"https:\/\/www.youtube.com\/embed\/53VnEMOuv70?feature=oembed\"  allow=\"accelerometer; autoplay; clipboard-write; encrypted-media; gyroscope; picture-in-picture; web-share\" referrerpolicy=\"strict-origin-when-cross-origin\" allowfullscreen><\/iframe>\n<\/div><\/figure>\n\n\n\n<p><\/p>\n\n\n\n<figure class=\"wp-block-image aligncenter size-full\"><img loading=\"lazy\" decoding=\"async\" width=\"564\" height=\"800\" src=\"https:\/\/catholiques17.fr\/sainte-soulle\/wp-content\/uploads\/sites\/14\/2024\/11\/Denier-de-lEglise.jpg\" alt=\"\" class=\"wp-image-6683\" srcset=\"https:\/\/catholiques17.fr\/sainte-soulle\/wp-content\/uploads\/sites\/14\/2024\/11\/Denier-de-lEglise.jpg 564w, https:\/\/catholiques17.fr\/sainte-soulle\/wp-content\/uploads\/sites\/14\/2024\/11\/Denier-de-lEglise-480x681.jpg 480w\" sizes=\"(min-width: 0px) and (max-width: 480px) 480px, (min-width: 481px) 564px, 100vw\" \/><\/figure>\n\n\n\n<p><\/p>\n","protected":false},"excerpt":{"rendered":"<p>Cr\u00e9e par l&rsquo;Eglise catholique en France apr\u00e8s la s\u00e9p\u00e9ration de l&rsquo;Eglise et de l&rsquo;Etat en 1905, le \u00ab\u00a0denier du clerg\u00e9\u00a0\u00bb a \u00e9t\u00e9 institu\u00e9 pour permettre le traitement des pr\u00eatres qui [&hellip;]<\/p>\n","protected":false},"author":67,"featured_media":0,"comment_status":"open","ping_status":"open","sticky":false,"template":"","format":"standard","meta":{"_et_pb_use_builder":"off","_et_pb_old_content":"","_et_gb_content_width":"","footnotes":""},"categories":[6],"tags":[],"class_list":["post-6677","post","type-post","status-publish","format-standard","hentry","category-actualite"],"_links":{"self":[{"href":"https:\/\/catholiques17.fr\/sainte-soulle\/wp-json\/wp\/v2\/posts\/6677","targetHints":{"allow":["GET"]}}],"collection":[{"href":"https:\/\/catholiques17.fr\/sainte-soulle\/wp-json\/wp\/v2\/posts"}],"about":[{"href":"https:\/\/catholiques17.fr\/sainte-soulle\/wp-json\/wp\/v2\/types\/post"}],"author":[{"embeddable":true,"href":"https:\/\/catholiques17.fr\/sainte-soulle\/wp-json\/wp\/v2\/users\/67"}],"replies":[{"embeddable":true,"href":"https:\/\/catholiques17.fr\/sainte-soulle\/wp-json\/wp\/v2\/comments?post=6677"}],"version-history":[{"count":2,"href":"https:\/\/catholiques17.fr\/sainte-soulle\/wp-json\/wp\/v2\/posts\/6677\/revisions"}],"predecessor-version":[{"id":6684,"href":"https:\/\/catholiques17.fr\/sainte-soulle\/wp-json\/wp\/v2\/posts\/6677\/revisions\/6684"}],"wp:attachment":[{"href":"https:\/\/catholiques17.fr\/sainte-soulle\/wp-json\/wp\/v2\/media?parent=6677"}],"wp:term":[{"taxonomy":"category","embeddable":true,"href":"https:\/\/catholiques17.fr\/sainte-soulle\/wp-json\/wp\/v2\/categories?post=6677"},{"taxonomy":"post_tag","embeddable":true,"href":"https:\/\/catholiques17.fr\/sainte-soulle\/wp-json\/wp\/v2\/tags?post=6677"}],"curies":[{"name":"wp","href":"https:\/\/api.w.org\/{rel}","templated":true}]}}