{"id":6639,"date":"2024-11-01T09:38:16","date_gmt":"2024-11-01T08:38:16","guid":{"rendered":"https:\/\/catholiques17.fr\/sainte-soulle\/?p=6639"},"modified":"2024-11-01T09:38:17","modified_gmt":"2024-11-01T08:38:17","slug":"le-mois-de-novembre","status":"publish","type":"post","link":"https:\/\/catholiques17.fr\/sainte-soulle\/2024\/11\/01\/le-mois-de-novembre\/","title":{"rendered":"LE MOIS DE NOVEMBRE"},"content":{"rendered":"\n<p>\u00ab\u00a0<em><strong>Moi, Je suis la r\u00e9surrection et la vie. Celui qui croit en moi, m\u00eame s&rsquo;il meurt, vivra; quiconque vit et croit en moi ne mourra jamais<\/strong><\/em>.\u00a0\u00bb (Jn 11,25)<\/p>\n\n\n\n<p class=\"has-text-align-left\"><a><\/a> Le mois d\u2019octobre, celui du Rosaire, vient de nous dire au revoir. Et le mois de novembre frappe \u00e0 la porte. Le soleil se couche un peu plut\u00f4t&nbsp;; les feuilles changent leur couleur et commencent \u00e0 tomber. En regardant les feuilles emport\u00e9es par le vent, nous nous rappelons que nous sommes tous des p\u00e8lerins sur terre&nbsp;: un temps pour naitre et un temps pour mourir, comme disait le livre de l\u2019Eccl\u00e9siaste. Les feuilles tombant nous font penser \u00e9galement \u00e0 nos chers qui ont quitt\u00e9 ce monde.<\/p>\n\n\n\n<p class=\"has-text-align-left\">Tandis que le monde f\u00eate Halloween durant laquelle les enfants, d\u00e9guis\u00e9s de mani\u00e8re effrayante, font du porte-\u00e0-porte pour demander des friandises, les mamans se mettent \u00e0 contribution pour la pr\u00e9paration de nos Sorci\u00e8res, Dracula et chauve-souris d\u2019un soit, au d\u00e9but de ce mois, l\u2019\u00c9glise c\u00e9l\u00e8bre, dans les deux f\u00eates conjointes, les saints et les d\u00e9funts. A cette occasion, nous sommes invit\u00e9s, \u00e0 rendre gr\u00e2ce \u00e0 Dieu, Cr\u00e9ateur et Sauveur, pour les innombrables saints et saintes qu\u2019Il nous a donn\u00e9 et \u00e0 le prier pour que la masse innombrable des d\u00e9funts que, nous le savons, Dieu n\u2019oublie pas.<\/p>\n\n\n\n<p class=\"has-text-align-left\">Comme nous sommes humains, la pri\u00e8re pour les d\u00e9funts nous aide psychologiquement \u00e0 porter le deuil et sa peine. Elle entretient dans notre m\u00e9moire un lien avec ceux qui ne sont plus l\u00e0. Elle constitue la preuve tangible que nous pouvons continuer \u00e0 les aimer. La pri\u00e8re pour les morts r\u00e9par\u00e9 nos n\u00e9gligences et nos indiff\u00e9rences et r\u00e9ciproquement leur pardonne leurs manquements.<\/p>\n\n\n\n<p class=\"has-text-align-left\">La tradition de l\u2019\u00c9glise nous enseigne que la mort, si elle est la fin biologique du corps, n\u2019atteint pas cette partie spirituelle de notre \u00eatre que nous appelons habituellement l\u2019\u00e2me. La mort porte \u00e0 son ach\u00e8vement notre histoire humaine sur cette terre en, et en m\u00eame temps elle ouvre \u00e0 notre \u00e2me des capacit\u00e9s nouvelles de rencontrer Dieu. \u00ab&nbsp;<em>Les morts ont quelque chose \u00e0 faire que Dieu leur donne comme une recr\u00e9ation d\u2019eux-m\u00eames. Ils ont \u00e0 assumer leur pass\u00e9, n\u00e9gatif mais aussi positif, avec la lucidit\u00e9 pacifi\u00e9e et l\u2019\u00e9nergie spirituelle que Dieu leur communique.<\/em>&nbsp;\u00bb disait Henri Bourgeois, un th\u00e9ologien, dans son livre <em>La mort<\/em> (Paris, Descl\u00e9s\/Novalis, 1988, p. 169).<\/p>\n\n\n\n<p class=\"has-text-align-left\">La pri\u00e8re pour les morts nous introduit plus profond\u00e9ment dans ce que l\u2019on appelle la communion des saints. Elle nous fait entrer dans la myst\u00e9rieuse solidarit\u00e9 qui unit les vivants et les morts et dans l\u2019esp\u00e9rance de la r\u00e9surrection des corps \u00e0 venir pour les d\u00e9funts et pour nous-m\u00eames.<\/p>\n\n\n\n<p class=\"has-text-align-left\">Nous sommes tous besoin d\u2019\u00eatre purifi\u00e9 et sanctifi\u00e9 d\u00e8s ici-bas ou au-del\u00e0 de la mort. La purification, c\u2019est apprendre \u00e0 se laisser faire par Dieu. La vie \u00e9ternelle ne se prend pas, elle se re\u00e7oit. A la mort, Dieu nous prend tels que nous sommes et nous pr\u00e9pare progressivement \u00e0 le voir face-\u00e0-face. Ainsi, le cur\u00e9 d\u2019Ars affirmait que le purgatoire est l\u2019infirmerie du Bon Dieu. Ici-bas, nous pouvons aider les \u00e2mes des d\u00e9funts en purification, par nos aum\u00f4nes, nos pri\u00e8res, notre charit\u00e9. Et en retour les \u00e2mes des d\u00e9funts interc\u00e8dent pour nous, comme le souligne le cat\u00e9chisme de l\u2019\u00c9glise catholique&nbsp;: \u00ab&nbsp;<em>Notre pri\u00e8re pour elles, rend efficace leurs intercessions pour nous.<\/em>&nbsp;\u00bb<\/p>\n\n\n\n<p class=\"has-text-align-left\">\u00ab&nbsp;<em>Saints, anges ou \u00e9toiles,<\/em><\/p>\n\n\n\n<p class=\"has-text-align-left\"><em>que ceux qui ont travers\u00e9 nos vies,<\/em><\/p>\n\n\n\n<p class=\"has-text-align-left\"><em>ceux avec qui nous avons ri, partag\u00e9, et m\u00eame pleur\u00e9<\/em><\/p>\n\n\n\n<p class=\"has-text-align-left\"><em>et sont partis parfais beaucoup trop t\u00f4t,<\/em><\/p>\n\n\n\n<p class=\"has-text-align-left\"><em>soient b\u00e9nis pour leurs actions sur terre<\/em><\/p>\n\n\n\n<p class=\"has-text-align-left\"><em>et nous apportent la paix qu\u2019ils ont trouv\u00e9e aupr\u00e8s de Dieu.<\/em>&nbsp;\u00bb <strong>Amen<\/strong>.<\/p>\n\n\n\n<p><\/p>\n","protected":false},"excerpt":{"rendered":"<p>\u00ab\u00a0Moi, Je suis la r\u00e9surrection et la vie. Celui qui croit en moi, m\u00eame s&rsquo;il meurt, vivra; quiconque vit et croit en moi ne mourra jamais.\u00a0\u00bb (Jn 11,25) Le mois [&hellip;]<\/p>\n","protected":false},"author":67,"featured_media":0,"comment_status":"open","ping_status":"open","sticky":false,"template":"","format":"standard","meta":{"_et_pb_use_builder":"off","_et_pb_old_content":"","_et_gb_content_width":"","footnotes":""},"categories":[6],"tags":[],"class_list":["post-6639","post","type-post","status-publish","format-standard","hentry","category-actualite"],"_links":{"self":[{"href":"https:\/\/catholiques17.fr\/sainte-soulle\/wp-json\/wp\/v2\/posts\/6639","targetHints":{"allow":["GET"]}}],"collection":[{"href":"https:\/\/catholiques17.fr\/sainte-soulle\/wp-json\/wp\/v2\/posts"}],"about":[{"href":"https:\/\/catholiques17.fr\/sainte-soulle\/wp-json\/wp\/v2\/types\/post"}],"author":[{"embeddable":true,"href":"https:\/\/catholiques17.fr\/sainte-soulle\/wp-json\/wp\/v2\/users\/67"}],"replies":[{"embeddable":true,"href":"https:\/\/catholiques17.fr\/sainte-soulle\/wp-json\/wp\/v2\/comments?post=6639"}],"version-history":[{"count":4,"href":"https:\/\/catholiques17.fr\/sainte-soulle\/wp-json\/wp\/v2\/posts\/6639\/revisions"}],"predecessor-version":[{"id":6643,"href":"https:\/\/catholiques17.fr\/sainte-soulle\/wp-json\/wp\/v2\/posts\/6639\/revisions\/6643"}],"wp:attachment":[{"href":"https:\/\/catholiques17.fr\/sainte-soulle\/wp-json\/wp\/v2\/media?parent=6639"}],"wp:term":[{"taxonomy":"category","embeddable":true,"href":"https:\/\/catholiques17.fr\/sainte-soulle\/wp-json\/wp\/v2\/categories?post=6639"},{"taxonomy":"post_tag","embeddable":true,"href":"https:\/\/catholiques17.fr\/sainte-soulle\/wp-json\/wp\/v2\/tags?post=6639"}],"curies":[{"name":"wp","href":"https:\/\/api.w.org\/{rel}","templated":true}]}}