{"id":6617,"date":"2024-10-26T10:03:25","date_gmt":"2024-10-26T08:03:25","guid":{"rendered":"https:\/\/catholiques17.fr\/sainte-soulle\/?p=6617"},"modified":"2024-10-26T10:03:26","modified_gmt":"2024-10-26T08:03:26","slug":"adoration-du-saint-sacrement","status":"publish","type":"post","link":"https:\/\/catholiques17.fr\/sainte-soulle\/2024\/10\/26\/adoration-du-saint-sacrement\/","title":{"rendered":"Adoration du Saint Sacrement"},"content":{"rendered":"\n<p>Le cat\u00e9chisme de L\u2019\u00c9glise catholique d\u00e9finit l\u2019adoration comme la prosternation de l\u2019homme qui se reconna\u00eet cr\u00e9ature devant son cr\u00e9ateur trois fois Saint.<\/p>\n\n\n\n<p>Les premiers adorateurs \u00e9taient Adam et \u00c8ve. La&nbsp; bible nous enseigne et nous montre \u00e0 travers des si\u00e8cles les proph\u00e8tes qui cherchaient \u00e0 faire plaisir \u00e0 Dieu. Ils \u00e9taient l\u00e0&nbsp; dans le silence, dans la m\u00e9ditation pour pouvoir entrer en&nbsp; communion avec lui. Mais La premi\u00e8re adoration perp\u00e9tuelle connue a eu lieu officiellement \u00e0 Avignon, en France, le&nbsp;11 septembre 1226.&nbsp;Pour c\u00e9l\u00e9brer et remercier la victoire sur les Albigeois lors du si\u00e8ge d&rsquo;Avignon, le roi Louis VIII demanda que le sacrement soit expos\u00e9 \u00e0 la chapelle de la Sainte-Croix.<br>Cette tradition a continu\u00e9 pendant des si\u00e8cles mais elle&nbsp;s&rsquo;est&nbsp; perdue &nbsp;dans nos pratiques ces derni\u00e8res ann\u00e9es pour plusieurs raisons. Le Concile Vatican II&nbsp; a permis un r\u00e9\u00e9quilibrage.<\/p>\n\n\n\n<p><br><strong><em>Quel est le lien entre l&rsquo;adoration du Saint-Sacrement et la messe ?<\/em><\/strong><\/p>\n\n\n\n<p><strong><em>Pourquoi les chr\u00e9tiens sont invit\u00e9s \u00e0 adorer le Saint Sacrement et comment&nbsp; chacun de nous pourrait y prendre go\u00fbt?<\/em><\/strong><\/p>\n\n\n\n<p>Le Saint-Sacrement s&rsquo;enracine dans la c\u00e9l\u00e9bration de la messe, il en est le prolongement. Par sa pr\u00e9sence eucharistique, le Christ reste au milieu de nous comme celui qui nous a aim\u00e9s et s&rsquo;est livr\u00e9 pour nous. Ainsi, le sacrement est un acte sacr\u00e9 ayant pour but la sanctification du fid\u00e8le qui le re\u00e7oit. Pour les chr\u00e9tiens, c&rsquo;est par les sacrements que Dieu leur fait signe, les interpelle et les fait entrer en relation avec Lui, dans son alliance et continuons cette relation pendant l&rsquo;adoration. Donc l\u2019adoration est le prolongement de m\u00e9morial de la&nbsp; messe nous invitons \u00e0 devenir nous m\u00eame une offrande.<\/p>\n\n\n\n<p><br>L&rsquo;adoration est acte gratuit par excellence. C\u2019est fuir l\u2019activisme. M\u00eame dans notre pri\u00e8re nous voulons souvent faire. Mais faire beaucoup comme lire , parler, demander choisir des nouveaux chants \u00e0 tout prix pour chaque c\u00e9l\u00e9bration. &nbsp;Nous sommes marqu\u00e9s par cette id\u00e9e que nous devons \u00eatre bons dans la pri\u00e8re, comme nous serions bons au travail ou dans quelles autres activit\u00e9s. Nous sommes concentr\u00e9s sur la forme et pas assez sur le fond. &nbsp;L\u2019adoration nous aide \u00e0 combattre tout cela. Elle nous aide non pas faire, mais \u00e0 \u00eatre.<\/p>\n\n\n\n<p>Pendant l\u2019adoration Nous prions pour nous, pour nos proches pour notre communaut\u00e9 et pour l\u2019\u00c9glise pour qu\u2019il ait des vocations des pr\u00eatres, des religieux et des religieuses. Nous sommes c\u0153ur \u00e0 c\u0153ur avec le Christ. C&rsquo;est un rendez-vous hebdomadaire. Bien s\u00fbr&nbsp; il&nbsp; faudrait lib\u00e9rer du temps pour le Seigneur.<\/p>\n\n\n\n<p>Venir adorer le saint sacrement, &nbsp;Ce n&rsquo;est pas facile au d\u00e9but d&rsquo;\u00eatre en intimit\u00e9 avec lui, &nbsp;mais petit \u00e0 petit nous prenons le go\u00fbt \u00e0 lui parler \u00e0 lui confier tous nos pr\u00e9occupations et nos fardeaux. Nous osons \u00e0 \u00eatre nous-m\u00eames,&nbsp; nous ne pouvons rien lui cacher. L&rsquo;adoration soigne notre \u00e2me de toutes les blessures qui encombrent&nbsp;&nbsp; notre vie. L&rsquo;adoration eucharistique nous est offerte pour dire \u00e0 notre \u00e2me comme elle n&rsquo;est seule dans le combat quotidien de notre vie quotidienne pour choisir la vie et la b\u00e9n\u00e9diction (Cf Deut 11,1)<br><br><\/p>\n\n\n\n<p>Adorer, c&rsquo;est&nbsp;donc un acte d&rsquo;humilit\u00e9 et de reconnaissance. Elle nous permet de faire l&rsquo;exp\u00e9rience de la tendresse de Dieu ; de toucher J\u00e9sus avec nos yeux et notre c\u0153ur comme cette femme qui toucha J\u00e9sus par sa foi, lib\u00e9rant ainsi sa puissance (Mt 5, 30). Elle nous permet de puiser la force en J\u00e9sus. L\u2019adoration&nbsp; c\u2019est comprendre que la foi&nbsp; est une rencontre, une relation. C&rsquo;est la rencontre avec J\u00e9sus-Christ.<br>Avec l&rsquo;adoration la gr\u00e2ce de notre bapt\u00eame \u00ab\u00a0fait son travail \u00ab\u00a0et nous accompagne jusqu&rsquo;au terme de notre vie: la rencontre avec Dieu.<\/p>\n\n\n\n<p>L&rsquo;adoration pr\u00e9pare notre \u00e9ternit\u00e9.&nbsp;Prenons le temps &nbsp;&nbsp;de venir \u00e0 la rencontre de notre Seigneur J\u00e9sus-Christ dans le Saint Sacrement prendre conscience qu\u2019il est l\u00e0. Pla\u00e7ons nous devons lui , pla\u00e7ons nos vies devant lui.<\/p>\n","protected":false},"excerpt":{"rendered":"<p>Le cat\u00e9chisme de L\u2019\u00c9glise catholique d\u00e9finit l\u2019adoration comme la prosternation de l\u2019homme qui se reconna\u00eet cr\u00e9ature devant son cr\u00e9ateur trois fois Saint. Les premiers adorateurs \u00e9taient Adam et \u00c8ve. La&nbsp; [&hellip;]<\/p>\n","protected":false},"author":16,"featured_media":6614,"comment_status":"open","ping_status":"open","sticky":false,"template":"","format":"standard","meta":{"_et_pb_use_builder":"off","_et_pb_old_content":"","_et_gb_content_width":"","footnotes":""},"categories":[6],"tags":[],"class_list":["post-6617","post","type-post","status-publish","format-standard","has-post-thumbnail","hentry","category-actualite"],"_links":{"self":[{"href":"https:\/\/catholiques17.fr\/sainte-soulle\/wp-json\/wp\/v2\/posts\/6617","targetHints":{"allow":["GET"]}}],"collection":[{"href":"https:\/\/catholiques17.fr\/sainte-soulle\/wp-json\/wp\/v2\/posts"}],"about":[{"href":"https:\/\/catholiques17.fr\/sainte-soulle\/wp-json\/wp\/v2\/types\/post"}],"author":[{"embeddable":true,"href":"https:\/\/catholiques17.fr\/sainte-soulle\/wp-json\/wp\/v2\/users\/16"}],"replies":[{"embeddable":true,"href":"https:\/\/catholiques17.fr\/sainte-soulle\/wp-json\/wp\/v2\/comments?post=6617"}],"version-history":[{"count":1,"href":"https:\/\/catholiques17.fr\/sainte-soulle\/wp-json\/wp\/v2\/posts\/6617\/revisions"}],"predecessor-version":[{"id":6618,"href":"https:\/\/catholiques17.fr\/sainte-soulle\/wp-json\/wp\/v2\/posts\/6617\/revisions\/6618"}],"wp:featuredmedia":[{"embeddable":true,"href":"https:\/\/catholiques17.fr\/sainte-soulle\/wp-json\/wp\/v2\/media\/6614"}],"wp:attachment":[{"href":"https:\/\/catholiques17.fr\/sainte-soulle\/wp-json\/wp\/v2\/media?parent=6617"}],"wp:term":[{"taxonomy":"category","embeddable":true,"href":"https:\/\/catholiques17.fr\/sainte-soulle\/wp-json\/wp\/v2\/categories?post=6617"},{"taxonomy":"post_tag","embeddable":true,"href":"https:\/\/catholiques17.fr\/sainte-soulle\/wp-json\/wp\/v2\/tags?post=6617"}],"curies":[{"name":"wp","href":"https:\/\/api.w.org\/{rel}","templated":true}]}}