{"id":8335,"global_id":"catholiques17.fr\/sainte-soulle?id=8335","global_id_lineage":["catholiques17.fr\/sainte-soulle?id=8335"],"author":"94","status":"publish","date":"2026-04-27 00:10:41","date_utc":"2026-04-26 22:10:41","modified":"2026-04-27 01:43:51","modified_utc":"2026-04-26 23:43:51","url":"https:\/\/catholiques17.fr\/sainte-soulle\/event\/chapelet-de-saint-michel-a-sainte-soulle\/","rest_url":"https:\/\/catholiques17.fr\/sainte-soulle\/wp-json\/tribe\/events\/v1\/events\/8335","title":"Chapelet de Saint Michel \u00e0 Sainte-Soulle","description":"<p style=\"text-align: center\">La paroisse vous invite \u00e0 participer au <strong>Chapelet de Saint Michel<\/strong>,<\/p>\n<p style=\"text-align: center\">le <span style=\"color: #ff6600\"><strong>Mercredi 29 avril 2026, \u00e0 19h30<\/strong><\/span>, \u00e0 l&rsquo;\u00e9glise de <strong>Sainte-Soulle<\/strong>, apr\u00e8s le cat\u00e9chisme.<\/p>\n<hr \/>\n<p style=\"text-align: center\">Un temps de pri\u00e8re confi\u00e9 \u00e0 l&rsquo;intercession de <strong>Saint Michel Archange<\/strong>,<\/p>\n<p style=\"text-align: center\">pour la protection, la paix et les intentions de chacun.<\/p>\n<hr \/>\n<p style=\"text-align: center\">\u201cVenez nombreux partager ce moment de recueillement et de foi\u201d<\/p>","excerpt":"","slug":"chapelet-de-saint-michel-a-sainte-soulle","image":{"url":"https:\/\/catholiques17.fr\/sainte-soulle\/wp-content\/uploads\/sites\/14\/2026\/04\/joaogbjunior-bible-642449_1920.jpg","id":8336,"extension":"jpg","width":800,"height":531,"filesize":38311,"sizes":{"medium":{"width":300,"height":199,"mime-type":"image\/jpeg","filesize":9049,"url":"https:\/\/catholiques17.fr\/sainte-soulle\/wp-content\/uploads\/sites\/14\/2026\/04\/joaogbjunior-bible-642449_1920-300x199.jpg"},"thumbnail":{"width":150,"height":150,"mime-type":"image\/jpeg","filesize":4721,"url":"https:\/\/catholiques17.fr\/sainte-soulle\/wp-content\/uploads\/sites\/14\/2026\/04\/joaogbjunior-bible-642449_1920-150x150.jpg"},"medium_large":{"width":768,"height":510,"mime-type":"image\/jpeg","filesize":34402,"url":"https:\/\/catholiques17.fr\/sainte-soulle\/wp-content\/uploads\/sites\/14\/2026\/04\/joaogbjunior-bible-642449_1920-768x510.jpg"},"et-pb-post-main-image":{"width":400,"height":250,"mime-type":"image\/jpeg","filesize":13340,"url":"https:\/\/catholiques17.fr\/sainte-soulle\/wp-content\/uploads\/sites\/14\/2026\/04\/joaogbjunior-bible-642449_1920-400x250.jpg"},"et-pb-portfolio-image":{"width":400,"height":284,"mime-type":"image\/jpeg","filesize":13941,"url":"https:\/\/catholiques17.fr\/sainte-soulle\/wp-content\/uploads\/sites\/14\/2026\/04\/joaogbjunior-bible-642449_1920-400x284.jpg"},"et-pb-portfolio-module-image":{"width":510,"height":382,"mime-type":"image\/jpeg","filesize":20653,"url":"https:\/\/catholiques17.fr\/sainte-soulle\/wp-content\/uploads\/sites\/14\/2026\/04\/joaogbjunior-bible-642449_1920-510x382.jpg"},"et-pb-gallery-module-image-portrait":{"width":400,"height":516,"mime-type":"image\/jpeg","filesize":20844,"url":"https:\/\/catholiques17.fr\/sainte-soulle\/wp-content\/uploads\/sites\/14\/2026\/04\/joaogbjunior-bible-642449_1920-400x516.jpg"},"et-pb-image--responsive--phone":{"width":480,"height":319,"mime-type":"image\/jpeg","filesize":17352,"url":"https:\/\/catholiques17.fr\/sainte-soulle\/wp-content\/uploads\/sites\/14\/2026\/04\/joaogbjunior-bible-642449_1920-480x319.jpg"}}},"all_day":false,"start_date":"2026-04-29 19:30:00","start_date_details":{"year":"2026","month":"04","day":"29","hour":"19","minutes":"30","seconds":"00"},"end_date":"2026-04-29 20:30:00","end_date_details":{"year":"2026","month":"04","day":"29","hour":"20","minutes":"30","seconds":"00"},"utc_start_date":"2026-04-29 17:30:00","utc_start_date_details":{"year":"2026","month":"04","day":"29","hour":"17","minutes":"30","seconds":"00"},"utc_end_date":"2026-04-29 18:30:00","utc_end_date_details":{"year":"2026","month":"04","day":"29","hour":"18","minutes":"30","seconds":"00"},"timezone":"Europe\/Paris","timezone_abbr":"CEST","cost":"","cost_details":{"currency_symbol":"\u20ac","currency_code":"USD","currency_position":"suffix","values":[]},"website":"","show_map":true,"show_map_link":true,"hide_from_listings":false,"sticky":false,"featured":false,"categories":[],"tags":[],"venue":{"id":8358,"author":"94","status":"publish","date":"2026-04-27 01:43:19","date_utc":"2026-04-26 23:43:19","modified":"2026-04-27 01:43:19","modified_utc":"2026-04-26 23:43:19","url":"https:\/\/catholiques17.fr\/sainte-soulle\/lieu\/maison-paroissiale-catholique-saint-vincent-de-paul-1-rue-de-launis-17220-sainte-soulle\/","venue":"Maison Paroissiale Catholique &#8211; Saint Vincent de Paul, 1 Rue de l&rsquo;Aunis, 17220 Sainte-Soulle","slug":"maison-paroissiale-catholique-saint-vincent-de-paul-1-rue-de-launis-17220-sainte-soulle","json_ld":{"@type":"Place","name":"Maison Paroissiale Catholique &#8211; Saint Vincent de Paul, 1 Rue de l&rsquo;Aunis, 17220 Sainte-Soulle","description":"","url":"","address":{"@type":"PostalAddress"},"telephone":"","sameAs":""},"show_map":true,"show_map_link":true,"global_id":"catholiques17.fr\/sainte-soulle?id=8358","global_id_lineage":["catholiques17.fr\/sainte-soulle?id=8358"]},"organizer":[],"custom_fields":[],"json_ld":{"@context":"http:\/\/schema.org","@type":"Event","name":"Chapelet de Saint Michel \u00e0 Sainte-Soulle","description":"&lt;p&gt;La paroisse vous invite \u00e0 participer au Chapelet de Saint Michel, le Mercredi 29 avril 2026, \u00e0 19h30, \u00e0 l\\'\u00e9glise de Sainte-Soulle, apr\u00e8s le cat\u00e9chisme. Un temps de pri\u00e8re confi\u00e9 [&hellip;]&lt;\/p&gt;\\n","image":"https:\/\/catholiques17.fr\/sainte-soulle\/wp-content\/uploads\/sites\/14\/2026\/04\/joaogbjunior-bible-642449_1920.jpg","url":"https:\/\/catholiques17.fr\/sainte-soulle\/event\/chapelet-de-saint-michel-a-sainte-soulle\/","eventAttendanceMode":"https:\/\/schema.org\/OfflineEventAttendanceMode","eventStatus":"https:\/\/schema.org\/EventScheduled","startDate":"2026-04-29T19:30:00+02:00","endDate":"2026-04-29T20:30:00+02:00","location":{"@type":"Place","name":"Maison Paroissiale Catholique &#8211; Saint Vincent de Paul, 1 Rue de l&rsquo;Aunis, 17220 Sainte-Soulle","description":"","url":"","address":{"@type":"PostalAddress"},"telephone":"","sameAs":""},"performer":"Organization"}}