{"id":8325,"global_id":"catholiques17.fr\/sainte-soulle?id=8325","global_id_lineage":["catholiques17.fr\/sainte-soulle?id=8325"],"author":"94","status":"publish","date":"2026-04-26 23:50:01","date_utc":"2026-04-26 21:50:01","modified":"2026-04-26 23:50:01","modified_utc":"2026-04-26 21:50:01","url":"https:\/\/catholiques17.fr\/sainte-soulle\/event\/rencontre-diocesaine-des-servants-de-messe\/","rest_url":"https:\/\/catholiques17.fr\/sainte-soulle\/wp-json\/tribe\/events\/v1\/events\/8325","title":"Rencontre dioc\u00e9saine des Servants de messe","description":"<h3>Journ\u00e9e dioc\u00e9saine des Servants d\u2019Autel et Servantes d\u2019Assembl\u00e9e<br \/>\nVendredi ler mai de 10h00 \u00e0 17h00<br \/>\n\u00e0 La Jarrie (25 place de la mairie \u2013 17120 La Jarrie)<\/h3>\n<h3>\u00ab\u00a0Avec St Joseph, travailler au soin du Seigneur\u00a0\u00bb<\/h3>\n<p>Les familles sont invit\u00e9es \u00e0 nous rejoindre pour la c\u00e9l\u00e9bration de la messe \u00e0 16h \u00e0 l\u2019\u00e9glise de La Jarrie.<\/p>\n<p>Apporter:<\/p>\n<ul>\n<li>1 pique nique et un go\u00fbter<\/li>\n<li>Son aube<\/li>\n<li>De bonnes chaussures de marche<\/li>\n<li>Son chapelet<\/li>\n<li><strong><a href=\"https:\/\/catholiques17.fr\/wp-content\/uploads\/2026\/04\/Decharge-parents-pour-mineurs-Journee-diocesaine-des-servants-dautel-et-servantes-dassemblee.pdf\">la D\u00e9charge parents pour mineurs Journ\u00e9e dioc\u00e9saine des servants d\u2019autel et servantes d\u2019assembl\u00e9e<\/a><\/strong><\/li>\n<\/ul>\n<p>Inscriptions aupr\u00e8s de M. Micka\u00ebl GIRAUD<br \/>\n6 all\u00e9e du s\u00e9minaire, 17100 SAINTES<br \/>\ngiraud.m@dioc\u00e8se17.fr \u2013 T\u00e9l: 05-46-41-41-51<\/p>","excerpt":"","slug":"rencontre-diocesaine-des-servants-de-messe","image":{"url":"https:\/\/catholiques17.fr\/sainte-soulle\/wp-content\/uploads\/sites\/14\/2026\/04\/Servants-affiche-2026.png","id":8326,"extension":"png","width":391,"height":549,"filesize":305125,"sizes":{"medium":{"width":214,"height":300,"mime-type":"image\/png","filesize":96671,"url":"https:\/\/catholiques17.fr\/sainte-soulle\/wp-content\/uploads\/sites\/14\/2026\/04\/Servants-affiche-2026-214x300.png"},"thumbnail":{"width":150,"height":150,"mime-type":"image\/png","filesize":39097,"url":"https:\/\/catholiques17.fr\/sainte-soulle\/wp-content\/uploads\/sites\/14\/2026\/04\/Servants-affiche-2026-150x150.png"},"et-pb-post-main-image":{"width":391,"height":250,"mime-type":"image\/png","filesize":145111,"url":"https:\/\/catholiques17.fr\/sainte-soulle\/wp-content\/uploads\/sites\/14\/2026\/04\/Servants-affiche-2026-391x250.png"},"et-pb-portfolio-image":{"width":391,"height":284,"mime-type":"image\/png","filesize":161978,"url":"https:\/\/catholiques17.fr\/sainte-soulle\/wp-content\/uploads\/sites\/14\/2026\/04\/Servants-affiche-2026-391x284.png"},"et-pb-portfolio-module-image":{"width":391,"height":382,"mime-type":"image\/png","filesize":216751,"url":"https:\/\/catholiques17.fr\/sainte-soulle\/wp-content\/uploads\/sites\/14\/2026\/04\/Servants-affiche-2026-391x382.png"},"et-pb-gallery-module-image-portrait":{"width":391,"height":516,"mime-type":"image\/png","filesize":288520,"url":"https:\/\/catholiques17.fr\/sainte-soulle\/wp-content\/uploads\/sites\/14\/2026\/04\/Servants-affiche-2026-391x516.png"}}},"all_day":false,"start_date":"2026-05-01 10:00:00","start_date_details":{"year":"2026","month":"05","day":"01","hour":"10","minutes":"00","seconds":"00"},"end_date":"2026-05-01 17:00:00","end_date_details":{"year":"2026","month":"05","day":"01","hour":"17","minutes":"00","seconds":"00"},"utc_start_date":"2026-05-01 08:00:00","utc_start_date_details":{"year":"2026","month":"05","day":"01","hour":"08","minutes":"00","seconds":"00"},"utc_end_date":"2026-05-01 15:00:00","utc_end_date_details":{"year":"2026","month":"05","day":"01","hour":"15","minutes":"00","seconds":"00"},"timezone":"Europe\/Paris","timezone_abbr":"CEST","cost":"","cost_details":{"currency_symbol":"\u20ac","currency_code":"USD","currency_position":"suffix","values":[]},"website":"","show_map":true,"show_map_link":true,"hide_from_listings":false,"sticky":false,"featured":false,"categories":[],"tags":[],"venue":{"id":8327,"author":"94","status":"publish","date":"2026-04-26 23:49:01","date_utc":"0000-00-00 00:00:00","modified":"2026-04-26 23:49:01","modified_utc":"0000-00-00 00:00:00","url":"https:\/\/catholiques17.fr\/sainte-soulle\/lieu\/25-pl-de-la-mairie-17220-la-jarrie\/","venue":"25 Pl. de la Mairie, 17220 La Jarrie","slug":"25-pl-de-la-mairie-17220-la-jarrie","json_ld":{"@type":"Place","name":"25 Pl. de la Mairie, 17220 La Jarrie","description":"","url":"","address":{"@type":"PostalAddress"},"telephone":"","sameAs":""},"show_map":true,"show_map_link":true,"global_id":"catholiques17.fr\/sainte-soulle?id=8327","global_id_lineage":["catholiques17.fr\/sainte-soulle?id=8327"]},"organizer":[],"custom_fields":[],"json_ld":{"@context":"http:\/\/schema.org","@type":"Event","name":"Rencontre dioc\u00e9saine des Servants de messe","description":"&lt;p&gt;Journ\u00e9e dioc\u00e9saine des Servants d\u2019Autel et Servantes d\u2019Assembl\u00e9e Vendredi ler mai de 10h00 \u00e0 17h00 \u00e0 La Jarrie (25 place de la mairie \u2013 17120 La Jarrie) \u00ab\u00a0Avec St Joseph, [&hellip;]&lt;\/p&gt;\\n","image":"https:\/\/catholiques17.fr\/sainte-soulle\/wp-content\/uploads\/sites\/14\/2026\/04\/Servants-affiche-2026.png","url":"https:\/\/catholiques17.fr\/sainte-soulle\/event\/rencontre-diocesaine-des-servants-de-messe\/","eventAttendanceMode":"https:\/\/schema.org\/OfflineEventAttendanceMode","eventStatus":"https:\/\/schema.org\/EventScheduled","startDate":"2026-05-01T10:00:00+02:00","endDate":"2026-05-01T17:00:00+02:00","location":{"@type":"Place","name":"25 Pl. de la Mairie, 17220 La Jarrie","description":"","url":"","address":{"@type":"PostalAddress"},"telephone":"","sameAs":""},"performer":"Organization"}}