{"id":8298,"global_id":"catholiques17.fr\/sainte-soulle?id=8298","global_id_lineage":["catholiques17.fr\/sainte-soulle?id=8298"],"author":"94","status":"publish","date":"2026-04-22 19:08:43","date_utc":"2026-04-22 17:08:43","modified":"2026-04-22 19:08:43","modified_utc":"2026-04-22 17:08:43","url":"https:\/\/catholiques17.fr\/sainte-soulle\/event\/journee-fraternelle-et-pelerinage-sur-lile-madame\/","rest_url":"https:\/\/catholiques17.fr\/sainte-soulle\/wp-json\/tribe\/events\/v1\/events\/8298","title":"Journ\u00e9e fraternelle et p\u00e8lerinage sur l&rsquo;Ile Madame","description":"<h3 style=\"text-align: left\"><strong>Temps fort de fin d&rsquo;ann\u00e9e pour les enfants du cat\u00e9 et de l&rsquo;\u00e9veil \u00e0 la foi.<\/strong><\/h3>\n<p style=\"text-align: left\"><strong>Samedi 25 Avril 2026<\/strong><\/p>\n<p style=\"text-align: left\"><strong>Parents, fr\u00e8res et s\u0153urs<\/strong> : vous \u00eates tous les bienvenus pour partager des moments de pri\u00e8re, de jeux et de belles decouvertes.<\/p>\n<p style=\"text-align: left\">On vous attend nombreux pour vivre cette belle journ\u00e9e ensemble.<\/p>\n<ul style=\"text-align: left\">\n<li style=\"text-align: left\">D\u00e9part du presbytere de <strong>Sainte Soulle : 9h45<\/strong><\/li>\n<li style=\"text-align: left\">Arriv\u00e9e au sanctuaire : messe, pique-nique et jeux, passage du tombolo.<\/li>\n<li style=\"text-align: left\">Retour vers <strong>17h30<\/strong>.<\/li>\n<li style=\"text-align: left\">Pr\u00e9voir des chaussures de marche ou tennis, 1 pique-nique, casquette, v\u00eatements de pluie.<\/li>\n<\/ul>\n<p style=\"text-align: left\">Le gouter et la boisson sont offert par la paroisse.<\/p>","excerpt":"","slug":"journee-fraternelle-et-pelerinage-sur-lile-madame","image":{"url":"https:\/\/catholiques17.fr\/sainte-soulle\/wp-content\/uploads\/sites\/14\/2026\/04\/mabras-children-4355469_1920.jpg","id":8299,"extension":"jpg","width":800,"height":533,"filesize":131287,"sizes":{"medium":{"width":300,"height":200,"mime-type":"image\/jpeg","filesize":24406,"url":"https:\/\/catholiques17.fr\/sainte-soulle\/wp-content\/uploads\/sites\/14\/2026\/04\/mabras-children-4355469_1920-300x200.jpg"},"thumbnail":{"width":150,"height":150,"mime-type":"image\/jpeg","filesize":10348,"url":"https:\/\/catholiques17.fr\/sainte-soulle\/wp-content\/uploads\/sites\/14\/2026\/04\/mabras-children-4355469_1920-150x150.jpg"},"medium_large":{"width":768,"height":512,"mime-type":"image\/jpeg","filesize":108606,"url":"https:\/\/catholiques17.fr\/sainte-soulle\/wp-content\/uploads\/sites\/14\/2026\/04\/mabras-children-4355469_1920-768x512.jpg"},"et-pb-post-main-image":{"width":400,"height":250,"mime-type":"image\/jpeg","filesize":38746,"url":"https:\/\/catholiques17.fr\/sainte-soulle\/wp-content\/uploads\/sites\/14\/2026\/04\/mabras-children-4355469_1920-400x250.jpg"},"et-pb-portfolio-image":{"width":400,"height":284,"mime-type":"image\/jpeg","filesize":40498,"url":"https:\/\/catholiques17.fr\/sainte-soulle\/wp-content\/uploads\/sites\/14\/2026\/04\/mabras-children-4355469_1920-400x284.jpg"},"et-pb-portfolio-module-image":{"width":510,"height":382,"mime-type":"image\/jpeg","filesize":61437,"url":"https:\/\/catholiques17.fr\/sainte-soulle\/wp-content\/uploads\/sites\/14\/2026\/04\/mabras-children-4355469_1920-510x382.jpg"},"et-pb-gallery-module-image-portrait":{"width":400,"height":516,"mime-type":"image\/jpeg","filesize":58717,"url":"https:\/\/catholiques17.fr\/sainte-soulle\/wp-content\/uploads\/sites\/14\/2026\/04\/mabras-children-4355469_1920-400x516.jpg"},"et-pb-image--responsive--phone":{"width":480,"height":320,"mime-type":"image\/jpeg","filesize":52061,"url":"https:\/\/catholiques17.fr\/sainte-soulle\/wp-content\/uploads\/sites\/14\/2026\/04\/mabras-children-4355469_1920-480x320.jpg"}}},"all_day":false,"start_date":"2026-04-25 10:00:00","start_date_details":{"year":"2026","month":"04","day":"25","hour":"10","minutes":"00","seconds":"00"},"end_date":"2026-04-25 17:30:00","end_date_details":{"year":"2026","month":"04","day":"25","hour":"17","minutes":"30","seconds":"00"},"utc_start_date":"2026-04-25 08:00:00","utc_start_date_details":{"year":"2026","month":"04","day":"25","hour":"08","minutes":"00","seconds":"00"},"utc_end_date":"2026-04-25 15:30:00","utc_end_date_details":{"year":"2026","month":"04","day":"25","hour":"15","minutes":"30","seconds":"00"},"timezone":"Europe\/Paris","timezone_abbr":"CEST","cost":"","cost_details":{"currency_symbol":"\u20ac","currency_code":"USD","currency_position":"suffix","values":[]},"website":"","show_map":true,"show_map_link":true,"hide_from_listings":false,"sticky":false,"featured":false,"categories":[],"tags":[],"venue":[],"organizer":[],"custom_fields":[],"json_ld":{"@context":"http:\/\/schema.org","@type":"Event","name":"Journ\u00e9e fraternelle et p\u00e8lerinage sur l&rsquo;Ile Madame","description":"&lt;p&gt;Temps fort de fin d\\'ann\u00e9e pour les enfants du cat\u00e9 et de l\\'\u00e9veil \u00e0 la foi. Samedi 25 Avril 2026 Parents, fr\u00e8res et s\u0153urs : vous \u00eates tous les bienvenus [&hellip;]&lt;\/p&gt;\\n","image":"https:\/\/catholiques17.fr\/sainte-soulle\/wp-content\/uploads\/sites\/14\/2026\/04\/mabras-children-4355469_1920.jpg","url":"https:\/\/catholiques17.fr\/sainte-soulle\/event\/journee-fraternelle-et-pelerinage-sur-lile-madame\/","eventAttendanceMode":"https:\/\/schema.org\/OfflineEventAttendanceMode","eventStatus":"https:\/\/schema.org\/EventScheduled","startDate":"2026-04-25T10:00:00+02:00","endDate":"2026-04-25T17:30:00+02:00","performer":"Organization"}}