{"id":9848,"date":"2024-02-11T18:01:43","date_gmt":"2024-02-11T17:01:43","guid":{"rendered":"https:\/\/catholiques17.fr\/saintbernardenaunis\/?p=9848"},"modified":"2024-02-11T18:19:35","modified_gmt":"2024-02-11T17:19:35","slug":"dimanche-de-la-sante-2","status":"publish","type":"post","link":"https:\/\/catholiques17.fr\/saintbernardenaunis\/2024\/02\/11\/dimanche-de-la-sante-2\/","title":{"rendered":"Dimanche de la Sant\u00e9"},"content":{"rendered":"\n<p>Depuis 1992, l\u2019\u00c9glise universelle c\u00e9l\u00e8bre tous les 11 f\u00e9vrier, f\u00eate de Notre-Dame de Lourdes, la Journ\u00e9e Mondiale du malade. Cette journ\u00e9e se d\u00e9cline dans les dioc\u00e8ses fran\u00e7ais en un dimanche de la sant\u00e9, pour rappeler que l\u2019accompagnement des personnes souffrantes et la pr\u00e9servation du don de sant\u00e9 sont des priorit\u00e9s \u00e9vang\u00e9liques. Cette ann\u00e9e, le c\u00e9l\u00e9bration du dimanche de la sant\u00e9 pr\u00e9par\u00e9e par les \u00e9quipes du Service Evang\u00e9lique des Malades a eu lieu \u00e0 Benon.<\/p>\n\n\n\n<p>Au cours de la c\u00e9l\u00e9bration, ceux qui souffrent ont pu s&rsquo;approcher de l&rsquo;autel et recevoir le sacrement&nbsp;des malades.<\/p>\n\n\n\n<figure class=\"wp-block-image size-full is-resized\"><img loading=\"lazy\" decoding=\"async\" width=\"602\" height=\"800\" src=\"https:\/\/catholiques17.fr\/saintbernardenaunis\/wp-content\/uploads\/sites\/13\/2024\/02\/Image2.jpg\" alt=\"\" class=\"wp-image-9849\" style=\"width:348px;height:auto\" srcset=\"https:\/\/catholiques17.fr\/saintbernardenaunis\/wp-content\/uploads\/sites\/13\/2024\/02\/Image2.jpg 602w, https:\/\/catholiques17.fr\/saintbernardenaunis\/wp-content\/uploads\/sites\/13\/2024\/02\/Image2-480x638.jpg 480w\" sizes=\"(min-width: 0px) and (max-width: 480px) 480px, (min-width: 481px) 602px, 100vw\" \/><\/figure>\n\n\n\n<p>Comme l&rsquo;a dit le P\u00e8re Alphonse au cours de son hom\u00e9lie, l&rsquo;Eglise est pr\u00e9sente sur le terrain de l\u2019accompagnement avec ses \u00e9quipes de b\u00e9n\u00e9voles qui \u0153uvrent aux c\u00f4t\u00e9s des malades et notamment dans les 5 EHPAD de notre paroisse. Notre assembl\u00e9e a pri\u00e9 pour encourager tous ces volontaires, qui, dans la discr\u00e9tion et la simplicit\u00e9, se rendent pr\u00e9sentes au jour le jour \u00e0 l\u2019autre, malade, seul, isol\u00e9.<\/p>\n","protected":false},"excerpt":{"rendered":"<p>Depuis 1992, l\u2019\u00c9glise universelle c\u00e9l\u00e8bre tous les 11 f\u00e9vrier, f\u00eate de Notre-Dame de Lourdes, la Journ\u00e9e Mondiale du malade. Cette journ\u00e9e se d\u00e9cline dans les dioc\u00e8ses fran\u00e7ais en un dimanche [&hellip;]<\/p>\n","protected":false},"author":18,"featured_media":9850,"comment_status":"closed","ping_status":"closed","sticky":false,"template":"","format":"standard","meta":{"_et_pb_use_builder":"off","_et_pb_old_content":"","_et_gb_content_width":"","footnotes":""},"categories":[6],"tags":[],"class_list":["post-9848","post","type-post","status-publish","format-standard","has-post-thumbnail","hentry","category-actualite"],"_links":{"self":[{"href":"https:\/\/catholiques17.fr\/saintbernardenaunis\/wp-json\/wp\/v2\/posts\/9848","targetHints":{"allow":["GET"]}}],"collection":[{"href":"https:\/\/catholiques17.fr\/saintbernardenaunis\/wp-json\/wp\/v2\/posts"}],"about":[{"href":"https:\/\/catholiques17.fr\/saintbernardenaunis\/wp-json\/wp\/v2\/types\/post"}],"author":[{"embeddable":true,"href":"https:\/\/catholiques17.fr\/saintbernardenaunis\/wp-json\/wp\/v2\/users\/18"}],"replies":[{"embeddable":true,"href":"https:\/\/catholiques17.fr\/saintbernardenaunis\/wp-json\/wp\/v2\/comments?post=9848"}],"version-history":[{"count":2,"href":"https:\/\/catholiques17.fr\/saintbernardenaunis\/wp-json\/wp\/v2\/posts\/9848\/revisions"}],"predecessor-version":[{"id":9856,"href":"https:\/\/catholiques17.fr\/saintbernardenaunis\/wp-json\/wp\/v2\/posts\/9848\/revisions\/9856"}],"wp:featuredmedia":[{"embeddable":true,"href":"https:\/\/catholiques17.fr\/saintbernardenaunis\/wp-json\/wp\/v2\/media\/9850"}],"wp:attachment":[{"href":"https:\/\/catholiques17.fr\/saintbernardenaunis\/wp-json\/wp\/v2\/media?parent=9848"}],"wp:term":[{"taxonomy":"category","embeddable":true,"href":"https:\/\/catholiques17.fr\/saintbernardenaunis\/wp-json\/wp\/v2\/categories?post=9848"},{"taxonomy":"post_tag","embeddable":true,"href":"https:\/\/catholiques17.fr\/saintbernardenaunis\/wp-json\/wp\/v2\/tags?post=9848"}],"curies":[{"name":"wp","href":"https:\/\/api.w.org\/{rel}","templated":true}]}}