{"id":9817,"date":"2024-01-14T18:46:04","date_gmt":"2024-01-14T17:46:04","guid":{"rendered":"https:\/\/catholiques17.fr\/saintbernardenaunis\/?p=9817"},"modified":"2024-01-14T18:46:59","modified_gmt":"2024-01-14T17:46:59","slug":"concert-de-christof","status":"publish","type":"post","link":"https:\/\/catholiques17.fr\/saintbernardenaunis\/2024\/01\/14\/concert-de-christof\/","title":{"rendered":"Concert de Christof"},"content":{"rendered":"\n<p>Ce Jeudi 11 janvier 2024, \u00e0 17 h, dans l\u2019\u00e9glise de Saint-Jean-de-Liversay, un tr\u00e8s beau concert du P\u00e8re Christophe de la Chanonie (Christof), accompagn\u00e9 de Falci, fid\u00e8le ami guitariste et percussionniste.<\/p>\n\n\n\n<p><\/p>\n\n\n\n<figure class=\"wp-block-image aligncenter size-full\"><img loading=\"lazy\" decoding=\"async\" width=\"605\" height=\"272\" src=\"https:\/\/catholiques17.fr\/saintbernardenaunis\/wp-content\/uploads\/sites\/13\/2024\/01\/Image2.jpg\" alt=\"\" class=\"wp-image-9818\" srcset=\"https:\/\/catholiques17.fr\/saintbernardenaunis\/wp-content\/uploads\/sites\/13\/2024\/01\/Image2.jpg 605w, https:\/\/catholiques17.fr\/saintbernardenaunis\/wp-content\/uploads\/sites\/13\/2024\/01\/Image2-480x216.jpg 480w\" sizes=\"(min-width: 0px) and (max-width: 480px) 480px, (min-width: 481px) 605px, 100vw\" \/><\/figure>\n","protected":false},"excerpt":{"rendered":"<p>Ce Jeudi 11 janvier 2024, \u00e0 17 h, dans l\u2019\u00e9glise de Saint-Jean-de-Liversay, un tr\u00e8s beau concert du P\u00e8re Christophe de la Chanonie (Christof), accompagn\u00e9 de Falci, fid\u00e8le ami guitariste et [&hellip;]<\/p>\n","protected":false},"author":18,"featured_media":9819,"comment_status":"open","ping_status":"open","sticky":false,"template":"","format":"standard","meta":{"_et_pb_use_builder":"off","_et_pb_old_content":"","_et_gb_content_width":"","footnotes":""},"categories":[6],"tags":[],"class_list":["post-9817","post","type-post","status-publish","format-standard","has-post-thumbnail","hentry","category-actualite"],"_links":{"self":[{"href":"https:\/\/catholiques17.fr\/saintbernardenaunis\/wp-json\/wp\/v2\/posts\/9817","targetHints":{"allow":["GET"]}}],"collection":[{"href":"https:\/\/catholiques17.fr\/saintbernardenaunis\/wp-json\/wp\/v2\/posts"}],"about":[{"href":"https:\/\/catholiques17.fr\/saintbernardenaunis\/wp-json\/wp\/v2\/types\/post"}],"author":[{"embeddable":true,"href":"https:\/\/catholiques17.fr\/saintbernardenaunis\/wp-json\/wp\/v2\/users\/18"}],"replies":[{"embeddable":true,"href":"https:\/\/catholiques17.fr\/saintbernardenaunis\/wp-json\/wp\/v2\/comments?post=9817"}],"version-history":[{"count":2,"href":"https:\/\/catholiques17.fr\/saintbernardenaunis\/wp-json\/wp\/v2\/posts\/9817\/revisions"}],"predecessor-version":[{"id":9821,"href":"https:\/\/catholiques17.fr\/saintbernardenaunis\/wp-json\/wp\/v2\/posts\/9817\/revisions\/9821"}],"wp:featuredmedia":[{"embeddable":true,"href":"https:\/\/catholiques17.fr\/saintbernardenaunis\/wp-json\/wp\/v2\/media\/9819"}],"wp:attachment":[{"href":"https:\/\/catholiques17.fr\/saintbernardenaunis\/wp-json\/wp\/v2\/media?parent=9817"}],"wp:term":[{"taxonomy":"category","embeddable":true,"href":"https:\/\/catholiques17.fr\/saintbernardenaunis\/wp-json\/wp\/v2\/categories?post=9817"},{"taxonomy":"post_tag","embeddable":true,"href":"https:\/\/catholiques17.fr\/saintbernardenaunis\/wp-json\/wp\/v2\/tags?post=9817"}],"curies":[{"name":"wp","href":"https:\/\/api.w.org\/{rel}","templated":true}]}}