{"id":9569,"date":"2023-12-25T12:27:01","date_gmt":"2023-12-25T11:27:01","guid":{"rendered":"https:\/\/catholiques17.fr\/saintbernardenaunis\/?p=9569"},"modified":"2024-11-26T20:43:00","modified_gmt":"2024-11-26T19:43:00","slug":"joyeux-noel-2","status":"publish","type":"post","link":"https:\/\/catholiques17.fr\/saintbernardenaunis\/2023\/12\/25\/joyeux-noel-2\/","title":{"rendered":"Joyeux No\u00ebl"},"content":{"rendered":"\n<p class=\"has-black-color has-text-color has-link-color wp-elements-6b4c1d8f40eccf6259b90230492a03bf\">Petite devinette : les anges ont annonc\u00e9 sa venue et il est n\u00e9 dans une mangeoire &#8230; Avez-vous trouv\u00e9 ? C&rsquo;est <strong>J\u00e9sus<\/strong> bien s\u00fbr !<\/p>\n\n\n\n<p class=\"has-black-color has-text-color has-link-color wp-elements-6bcf9bb39bab1816f65e1d05b6d83d77\">A l&rsquo;occasion des c\u00e9l\u00e9brations de la Nativit\u00e9, beaucoup de sourires sur les visages, dans les c\u0153urs la joie de No\u00ebl partag\u00e9e\u2026 C\u2019est la magie de No\u00ebl qui s\u2019op\u00e8re\u2026 Comme nous le chantons quelquefois, \u00ab\u00a0c\u2019est No\u00ebl chaque jour, car No\u00ebl, \u00f4 mon fr\u00e8re, c\u2019est l\u2019amour\u00a0!\u00a0\u00bb<\/p>\n\n\n\n<p class=\"has-black-color has-text-color has-link-color wp-elements-1b6fbc60c0370576cd118280671510d1\">A l\u2019occasion de No\u00ebl, nous avons v\u00e9cu de belles rencontres car  No\u00ebl est une f\u00eate traditionnelle cr\u00e9atrice de liens. Comme chaque ann\u00e9e, \u00e0 No\u00ebl, nous accueillons nos enfants et petits-enfants. Notre f\u00eate est traditionnelle : la messe de No\u00ebl,<br>les cadeaux, un repas festif. Pas tr\u00e8s original mais combien important de se retrouver tout simplement en famille ! Bien<br>ancr\u00e9e dans le calendrier, dans nos vies sociales, elle r\u00e9unit les familles, aujourd\u2019hui si fragiles\u2026 N\u2019est-ce pas d\u00e9j\u00e0 un beau<br>projet ? Ce moment, on le pr\u00e9pare. On veut que chacun soit heureux ce jour-l\u00e0, qu\u2019il sente combien il compte \u00e0 nos yeux.<br>Plus la famille s\u2019agrandit, se transforme, plus il faut veiller \u00e0 concilier les go\u00fbts, les attentes, les diff\u00e9rences : tout un art !<\/p>\n\n\n\n<p><\/p>\n\n\n\n<figure class=\"wp-block-image size-full\"><img loading=\"lazy\" decoding=\"async\" width=\"800\" height=\"602\" src=\"https:\/\/catholiques17.fr\/saintbernardenaunis\/wp-content\/uploads\/sites\/13\/2023\/12\/Image1-1.jpg\" alt=\"\" class=\"wp-image-9573\" srcset=\"https:\/\/catholiques17.fr\/saintbernardenaunis\/wp-content\/uploads\/sites\/13\/2023\/12\/Image1-1.jpg 800w, https:\/\/catholiques17.fr\/saintbernardenaunis\/wp-content\/uploads\/sites\/13\/2023\/12\/Image1-1-480x361.jpg 480w\" sizes=\"(min-width: 0px) and (max-width: 480px) 480px, (min-width: 481px) 800px, 100vw\" \/><\/figure>\n\n\n\n<p class=\"has-black-color has-text-color has-link-color wp-elements-bfc48396da44d453b2bbcea4e9c928aa\"><br><\/p>\n\n\n\n<p class=\"has-black-color has-text-color has-link-color wp-elements-a70ee9609192e73863883b2f57b384e5\">Que trouvons-nous dans le berceau de No\u00ebl ? Un petit enfant qui ne parle pas : le Verbe se fait silence. Saurons-nous adorer<br>dans le silence de nos c\u0153urs le fils m\u00eame de Dieu, n\u00e9 parmi les pauvres, honor\u00e9 par les mages, pers\u00e9cut\u00e9 par les puissants ?<br>Dans cet enfant qui ne parle pas encore, Dieu se fait \u00e9trange, Dieu se fait myst\u00e8re \u2026 Au milieu de l\u2019animation des rues, de la joie et de la f\u00eate, des cris des enfants, gardons au c\u0153ur le silence du Verbe de Dieu.<\/p>\n\n\n\n<figure class=\"wp-block-image aligncenter size-full\"><img loading=\"lazy\" decoding=\"async\" width=\"287\" height=\"420\" src=\"https:\/\/catholiques17.fr\/saintbernardenaunis\/wp-content\/uploads\/sites\/13\/2023\/12\/Image-2.png\" alt=\"\" class=\"wp-image-9576\" srcset=\"https:\/\/catholiques17.fr\/saintbernardenaunis\/wp-content\/uploads\/sites\/13\/2023\/12\/Image-2.png 287w, https:\/\/catholiques17.fr\/saintbernardenaunis\/wp-content\/uploads\/sites\/13\/2023\/12\/Image-2-205x300.png 205w\" sizes=\"(max-width: 287px) 100vw, 287px\" \/><\/figure>\n","protected":false},"excerpt":{"rendered":"<p>Petite devinette : les anges ont annonc\u00e9 sa venue et il est n\u00e9 dans une mangeoire &#8230; Avez-vous trouv\u00e9 ? C&rsquo;est J\u00e9sus bien s\u00fbr ! A l&rsquo;occasion des c\u00e9l\u00e9brations de [&hellip;]<\/p>\n","protected":false},"author":18,"featured_media":0,"comment_status":"open","ping_status":"open","sticky":false,"template":"","format":"standard","meta":{"_et_pb_use_builder":"off","_et_pb_old_content":"","_et_gb_content_width":"","footnotes":""},"categories":[6],"tags":[],"class_list":["post-9569","post","type-post","status-publish","format-standard","hentry","category-actualite"],"_links":{"self":[{"href":"https:\/\/catholiques17.fr\/saintbernardenaunis\/wp-json\/wp\/v2\/posts\/9569","targetHints":{"allow":["GET"]}}],"collection":[{"href":"https:\/\/catholiques17.fr\/saintbernardenaunis\/wp-json\/wp\/v2\/posts"}],"about":[{"href":"https:\/\/catholiques17.fr\/saintbernardenaunis\/wp-json\/wp\/v2\/types\/post"}],"author":[{"embeddable":true,"href":"https:\/\/catholiques17.fr\/saintbernardenaunis\/wp-json\/wp\/v2\/users\/18"}],"replies":[{"embeddable":true,"href":"https:\/\/catholiques17.fr\/saintbernardenaunis\/wp-json\/wp\/v2\/comments?post=9569"}],"version-history":[{"count":3,"href":"https:\/\/catholiques17.fr\/saintbernardenaunis\/wp-json\/wp\/v2\/posts\/9569\/revisions"}],"predecessor-version":[{"id":9577,"href":"https:\/\/catholiques17.fr\/saintbernardenaunis\/wp-json\/wp\/v2\/posts\/9569\/revisions\/9577"}],"wp:attachment":[{"href":"https:\/\/catholiques17.fr\/saintbernardenaunis\/wp-json\/wp\/v2\/media?parent=9569"}],"wp:term":[{"taxonomy":"category","embeddable":true,"href":"https:\/\/catholiques17.fr\/saintbernardenaunis\/wp-json\/wp\/v2\/categories?post=9569"},{"taxonomy":"post_tag","embeddable":true,"href":"https:\/\/catholiques17.fr\/saintbernardenaunis\/wp-json\/wp\/v2\/tags?post=9569"}],"curies":[{"name":"wp","href":"https:\/\/api.w.org\/{rel}","templated":true}]}}