{"id":9550,"date":"2023-12-18T21:49:42","date_gmt":"2023-12-18T20:49:42","guid":{"rendered":"https:\/\/catholiques17.fr\/saintbernardenaunis\/?p=9550"},"modified":"2024-11-26T20:43:26","modified_gmt":"2024-11-26T19:43:26","slug":"le-temps-de-lavent","status":"publish","type":"post","link":"https:\/\/catholiques17.fr\/saintbernardenaunis\/2023\/12\/18\/le-temps-de-lavent\/","title":{"rendered":"Le temps de l&rsquo;Avent"},"content":{"rendered":"\n[et_pb_section][et_pb_row][et_pb_column type=\u00a0\u00bb4_4&Prime;][et_pb_text]<!-- divi:paragraph -->\n<p><strong>Les concerts de No\u00ebl <\/strong>: concert de la chorale \u00ab&nbsp;La cl\u00e9 des mots&nbsp;\u00bb dans l&rsquo;\u00e9glise de Benon et  concert de No\u00ebl organis\u00e9 par la chorale Arp\u00e8ge dans l&rsquo;\u00e9glise de Saint Jean de lIversay, samedi 16 d\u00e9cembre.<\/p>\n<!-- \/divi:paragraph -->\n\n<!-- divi:image {\"align\":\"center\",\"id\":9552,\"sizeSlug\":\"full\",\"linkDestination\":\"none\"} -->\n<figure class=\"wp-block-image aligncenter size-full\"><img loading=\"lazy\" decoding=\"async\" width=\"800\" height=\"360\" src=\"https:\/\/catholiques17.fr\/saintbernardenaunis\/wp-content\/uploads\/sites\/13\/2023\/12\/1702931495794.jpg\" alt=\"\" class=\"wp-image-9552\" srcset=\"https:\/\/catholiques17.fr\/saintbernardenaunis\/wp-content\/uploads\/sites\/13\/2023\/12\/1702931495794.jpg 800w, https:\/\/catholiques17.fr\/saintbernardenaunis\/wp-content\/uploads\/sites\/13\/2023\/12\/1702931495794-480x216.jpg 480w\" sizes=\"(min-width: 0px) and (max-width: 480px) 480px, (min-width: 481px) 800px, 100vw\" \/><\/figure>\n<!-- \/divi:image -->\n\n<!-- divi:paragraph -->\n<p><strong>La lumi\u00e8re de Bethl\u00e9em&nbsp;: <\/strong>\u00ab&nbsp;La&nbsp;Lumi\u00e8re de la Paix de Bethl\u00e9em&nbsp;\u00bb est un \u00e9v\u00e9nement scout chr\u00e9tien qui se d\u00e9roule chaque ann\u00e9e pendant la p\u00e9riode de l\u2019Avent. Allum\u00e9e dans la grotte de la nativit\u00e9 \u00e0 Bethl\u00e9em, la lumi\u00e8re est rapport\u00e9e, puis transmise partout en Europe. Chacun peut participer \u00e0 sa transmission, qu\u2019il\/elle soit scout ou non. La Lumi\u00e8re est une opportunit\u00e9 d\u2019agir pour un monde plus&nbsp;fraternel. C\u2019est un symbole d\u2019espoir&nbsp;et de Paix. Les scouts sont venus partager cette lumi\u00e8re lors de la messe du dimanche 17 d\u00e9cembre \u00e0 Saint Jean de Liversay.<\/p>\n<!-- \/divi:paragraph -->\n\n<!-- divi:image {\"align\":\"center\",\"id\":9551,\"width\":\"260px\",\"height\":\"auto\",\"sizeSlug\":\"full\",\"linkDestination\":\"none\"} -->\n<figure class=\"wp-block-image aligncenter size-full is-resized\"><img loading=\"lazy\" decoding=\"async\" width=\"370\" height=\"800\" src=\"https:\/\/catholiques17.fr\/saintbernardenaunis\/wp-content\/uploads\/sites\/13\/2023\/12\/1702931495723.jpg\" alt=\"\" class=\"wp-image-9551\" style=\"width:260px;height:auto\" srcset=\"https:\/\/catholiques17.fr\/saintbernardenaunis\/wp-content\/uploads\/sites\/13\/2023\/12\/1702931495723.jpg 370w, https:\/\/catholiques17.fr\/saintbernardenaunis\/wp-content\/uploads\/sites\/13\/2023\/12\/1702931495723-139x300.jpg 139w\" sizes=\"(max-width: 370px) 100vw, 370px\" \/><\/figure>\n<!-- \/divi:image -->\n\n<!-- divi:paragraph -->\n<p><strong>Pr\u00e9paration de la cr\u00e8che dans l&rsquo;\u00e9glise de Taugon avec les enfants<\/strong> le samedi 15 d\u00e9cembre<\/p>\n<!-- \/divi:paragraph -->\n\n<!-- divi:paragraph -->\n<p><\/p>\n<!-- \/divi:paragraph -->\n\n<!-- divi:gallery {\"linkTo\":\"none\"} -->\n<figure class=\"wp-block-gallery has-nested-images columns-default is-cropped\"><!-- divi:image {\"id\":9564,\"sizeSlug\":\"large\",\"linkDestination\":\"none\"} -->\n<figure class=\"wp-block-image size-large\"><img loading=\"lazy\" decoding=\"async\" width=\"800\" height=\"600\" src=\"https:\/\/catholiques17.fr\/saintbernardenaunis\/wp-content\/uploads\/sites\/13\/2023\/12\/Image1.jpg\" alt=\"\" class=\"wp-image-9564\" srcset=\"https:\/\/catholiques17.fr\/saintbernardenaunis\/wp-content\/uploads\/sites\/13\/2023\/12\/Image1.jpg 800w, https:\/\/catholiques17.fr\/saintbernardenaunis\/wp-content\/uploads\/sites\/13\/2023\/12\/Image1-480x360.jpg 480w\" sizes=\"(min-width: 0px) and (max-width: 480px) 480px, (min-width: 481px) 800px, 100vw\" \/><\/figure>\n<!-- \/divi:image -->\n\n<!-- divi:image {\"id\":9563,\"sizeSlug\":\"large\",\"linkDestination\":\"none\"} -->\n<figure class=\"wp-block-image size-large\"><img loading=\"lazy\" decoding=\"async\" width=\"800\" height=\"600\" src=\"https:\/\/catholiques17.fr\/saintbernardenaunis\/wp-content\/uploads\/sites\/13\/2023\/12\/Image2.jpg\" alt=\"\" class=\"wp-image-9563\" srcset=\"https:\/\/catholiques17.fr\/saintbernardenaunis\/wp-content\/uploads\/sites\/13\/2023\/12\/Image2.jpg 800w, https:\/\/catholiques17.fr\/saintbernardenaunis\/wp-content\/uploads\/sites\/13\/2023\/12\/Image2-480x360.jpg 480w\" sizes=\"(min-width: 0px) and (max-width: 480px) 480px, (min-width: 481px) 800px, 100vw\" \/><\/figure>\n<!-- \/divi:image -->\n\n<!-- divi:image {\"id\":9565,\"sizeSlug\":\"large\",\"linkDestination\":\"none\"} -->\n<figure class=\"wp-block-image size-large\"><img loading=\"lazy\" decoding=\"async\" width=\"800\" height=\"600\" src=\"https:\/\/catholiques17.fr\/saintbernardenaunis\/wp-content\/uploads\/sites\/13\/2023\/12\/Image3.jpg\" alt=\"\" class=\"wp-image-9565\" srcset=\"https:\/\/catholiques17.fr\/saintbernardenaunis\/wp-content\/uploads\/sites\/13\/2023\/12\/Image3.jpg 800w, https:\/\/catholiques17.fr\/saintbernardenaunis\/wp-content\/uploads\/sites\/13\/2023\/12\/Image3-480x360.jpg 480w\" sizes=\"(min-width: 0px) and (max-width: 480px) 480px, (min-width: 481px) 800px, 100vw\" \/><\/figure>\n<!-- \/divi:image --><\/figure>\n<!-- \/divi:gallery -->\n\n<!-- divi:gallery {\"linkTo\":\"none\"} -->\n<figure class=\"wp-block-gallery has-nested-images columns-default is-cropped\"><!-- divi:image {\"id\":9553,\"sizeSlug\":\"large\",\"linkDestination\":\"none\"} -->\n<figure class=\"wp-block-image size-large\"><img loading=\"lazy\" decoding=\"async\" width=\"600\" height=\"800\" src=\"https:\/\/catholiques17.fr\/saintbernardenaunis\/wp-content\/uploads\/sites\/13\/2023\/12\/1702931495750.jpg\" alt=\"\" class=\"wp-image-9553\" srcset=\"https:\/\/catholiques17.fr\/saintbernardenaunis\/wp-content\/uploads\/sites\/13\/2023\/12\/1702931495750.jpg 600w, https:\/\/catholiques17.fr\/saintbernardenaunis\/wp-content\/uploads\/sites\/13\/2023\/12\/1702931495750-480x640.jpg 480w\" sizes=\"(min-width: 0px) and (max-width: 480px) 480px, (min-width: 481px) 600px, 100vw\" \/><\/figure>\n<!-- \/divi:image -->\n\n<!-- divi:image {\"id\":9555,\"sizeSlug\":\"large\",\"linkDestination\":\"none\"} -->\n<figure class=\"wp-block-image size-large\"><img loading=\"lazy\" decoding=\"async\" width=\"800\" height=\"600\" src=\"https:\/\/catholiques17.fr\/saintbernardenaunis\/wp-content\/uploads\/sites\/13\/2023\/12\/1702931495765.jpg\" alt=\"\" class=\"wp-image-9555\" srcset=\"https:\/\/catholiques17.fr\/saintbernardenaunis\/wp-content\/uploads\/sites\/13\/2023\/12\/1702931495765.jpg 800w, https:\/\/catholiques17.fr\/saintbernardenaunis\/wp-content\/uploads\/sites\/13\/2023\/12\/1702931495765-480x360.jpg 480w\" sizes=\"(min-width: 0px) and (max-width: 480px) 480px, (min-width: 481px) 800px, 100vw\" \/><\/figure>\n<!-- \/divi:image -->\n\n<!-- divi:image {\"id\":9554,\"sizeSlug\":\"large\",\"linkDestination\":\"none\"} -->\n<figure class=\"wp-block-image size-large\"><img loading=\"lazy\" decoding=\"async\" width=\"800\" height=\"600\" src=\"https:\/\/catholiques17.fr\/saintbernardenaunis\/wp-content\/uploads\/sites\/13\/2023\/12\/1702931495777.jpg\" alt=\"\" class=\"wp-image-9554\" srcset=\"https:\/\/catholiques17.fr\/saintbernardenaunis\/wp-content\/uploads\/sites\/13\/2023\/12\/1702931495777.jpg 800w, https:\/\/catholiques17.fr\/saintbernardenaunis\/wp-content\/uploads\/sites\/13\/2023\/12\/1702931495777-480x360.jpg 480w\" sizes=\"(min-width: 0px) and (max-width: 480px) 480px, (min-width: 481px) 800px, 100vw\" \/><\/figure>\n<!-- \/divi:image --><\/figure>\n<!-- \/divi:gallery -->\n\n<!-- divi:gallery {\"linkTo\":\"none\"} -->\n<figure class=\"wp-block-gallery has-nested-images columns-default is-cropped\"><!-- divi:image {\"id\":9854,\"sizeSlug\":\"large\",\"linkDestination\":\"none\"} -->\n<figure class=\"wp-block-image size-large\"><img loading=\"lazy\" decoding=\"async\" width=\"800\" height=\"600\" src=\"https:\/\/catholiques17.fr\/saintbernardenaunis\/wp-content\/uploads\/sites\/13\/2024\/02\/1707671178449.jpg\" alt=\"\" class=\"wp-image-9854\" srcset=\"https:\/\/catholiques17.fr\/saintbernardenaunis\/wp-content\/uploads\/sites\/13\/2024\/02\/1707671178449.jpg 800w, https:\/\/catholiques17.fr\/saintbernardenaunis\/wp-content\/uploads\/sites\/13\/2024\/02\/1707671178449-480x360.jpg 480w\" sizes=\"(min-width: 0px) and (max-width: 480px) 480px, (min-width: 481px) 800px, 100vw\" \/><\/figure>\n<!-- \/divi:image -->\n\n<!-- divi:image {\"id\":9853,\"sizeSlug\":\"large\",\"linkDestination\":\"none\"} -->\n<figure class=\"wp-block-image size-large\"><img loading=\"lazy\" decoding=\"async\" width=\"600\" height=\"800\" src=\"https:\/\/catholiques17.fr\/saintbernardenaunis\/wp-content\/uploads\/sites\/13\/2024\/02\/1707671178456-1.jpg\" alt=\"\" class=\"wp-image-9853\" srcset=\"https:\/\/catholiques17.fr\/saintbernardenaunis\/wp-content\/uploads\/sites\/13\/2024\/02\/1707671178456-1.jpg 600w, https:\/\/catholiques17.fr\/saintbernardenaunis\/wp-content\/uploads\/sites\/13\/2024\/02\/1707671178456-1-480x640.jpg 480w\" sizes=\"(min-width: 0px) and (max-width: 480px) 480px, (min-width: 481px) 600px, 100vw\" \/><\/figure>\n<!-- \/divi:image --><\/figure>\n<!-- \/divi:gallery -->[\/et_pb_text][\/et_pb_column][\/et_pb_row][\/et_pb_section]\n","protected":false},"excerpt":{"rendered":"<p><div class=\"et_pb_section et_pb_section_0 et_section_regular\" >\n\t\t\t\t\n\t\t\t\t\n\t\t\t\t\n\t\t\t\t\n\t\t\t\t\n\t\t\t\t\n\t\t\t\t\n\t\t\t\t\n\t\t\t\t\n\t\t\t<\/div><div class=\"et_pb_row et_pb_row_0 et_pb_row_empty\">\n\t\t\t\t\n\t\t\t\t\n\t\t\t\t\n\t\t\t\t\n\t\t\t\t\n\t\t\t<\/div><div class=\"et_pb_module et_pb_text et_pb_text_0  et_pb_text_align_left et_pb_bg_layout_light\">\n\t\t\t\t\n\t\t\t\t\n\t\t\t\t\n\t\t\t\t\n\t\t\t\t\n\t\t\t<\/div> Les concerts de No\u00ebl : concert de la chorale \u00ab&nbsp;La cl\u00e9 des mots&nbsp;\u00bb dans l&rsquo;\u00e9glise de Benon et concert de No\u00ebl organis\u00e9 par la chorale Arp\u00e8ge dans l&rsquo;\u00e9glise de [&hellip;]<\/p>\n","protected":false},"author":18,"featured_media":0,"comment_status":"open","ping_status":"open","sticky":false,"template":"","format":"standard","meta":{"_et_pb_use_builder":"on","_et_pb_old_content":"<!-- wp:paragraph -->\n<p><strong>Les concerts de No\u00ebl <\/strong>: concert de la chorale \u00ab&nbsp;La cl\u00e9 des mots&nbsp;\u00bb dans l'\u00e9glise de Benon et  concert de No\u00ebl organis\u00e9 par la chorale Arp\u00e8ge dans l'\u00e9glise de Saint Jean de lIversay, samedi 16 d\u00e9cembre.<\/p>\n<!-- \/wp:paragraph -->\n\n<!-- wp:image {\"align\":\"center\",\"id\":9552,\"sizeSlug\":\"full\",\"linkDestination\":\"none\"} -->\n<figure class=\"wp-block-image aligncenter size-full\"><img src=\"https:\/\/catholiques17.fr\/saintbernardenaunis\/wp-content\/uploads\/sites\/13\/2023\/12\/1702931495794.jpg\" alt=\"\" class=\"wp-image-9552\" \/><\/figure>\n<!-- \/wp:image -->\n\n<!-- wp:paragraph -->\n<p><strong>La lumi\u00e8re de Bethl\u00e9em&nbsp;: <\/strong>\u00ab&nbsp;La&nbsp;Lumi\u00e8re de la Paix de Bethl\u00e9em&nbsp;\u00bb est un \u00e9v\u00e9nement scout chr\u00e9tien qui se d\u00e9roule chaque ann\u00e9e pendant la p\u00e9riode de l\u2019Avent. Allum\u00e9e dans la grotte de la nativit\u00e9 \u00e0 Bethl\u00e9em, la lumi\u00e8re est rapport\u00e9e, puis transmise partout en Europe. Chacun peut participer \u00e0 sa transmission, qu\u2019il\/elle soit scout ou non. La Lumi\u00e8re est une opportunit\u00e9 d\u2019agir pour un monde plus&nbsp;fraternel. C\u2019est un symbole d\u2019espoir&nbsp;et de Paix. Les scouts sont venus partager cette lumi\u00e8re lors de la messe du dimanche 17 d\u00e9cembre \u00e0 Saint Jean de Liversay.<\/p>\n<!-- \/wp:paragraph -->\n\n<!-- wp:image {\"align\":\"center\",\"id\":9551,\"width\":\"260px\",\"height\":\"auto\",\"sizeSlug\":\"full\",\"linkDestination\":\"none\"} -->\n<figure class=\"wp-block-image aligncenter size-full is-resized\"><img src=\"https:\/\/catholiques17.fr\/saintbernardenaunis\/wp-content\/uploads\/sites\/13\/2023\/12\/1702931495723.jpg\" alt=\"\" class=\"wp-image-9551\" style=\"width:260px;height:auto\" \/><\/figure>\n<!-- \/wp:image -->\n\n<!-- wp:paragraph -->\n<p><strong>Pr\u00e9paration de la cr\u00e8che dans l'\u00e9glise de Taugon avec les enfants<\/strong> le samedi 15 d\u00e9cembre<\/p>\n<!-- \/wp:paragraph -->\n\n<!-- wp:paragraph -->\n<p><\/p>\n<!-- \/wp:paragraph -->\n\n<!-- wp:gallery {\"linkTo\":\"none\"} -->\n<figure class=\"wp-block-gallery has-nested-images columns-default is-cropped\"><!-- wp:image {\"id\":9564,\"sizeSlug\":\"large\",\"linkDestination\":\"none\"} -->\n<figure class=\"wp-block-image size-large\"><img src=\"https:\/\/catholiques17.fr\/saintbernardenaunis\/wp-content\/uploads\/sites\/13\/2023\/12\/Image1.jpg\" alt=\"\" class=\"wp-image-9564\" \/><\/figure>\n<!-- \/wp:image -->\n\n<!-- wp:image {\"id\":9563,\"sizeSlug\":\"large\",\"linkDestination\":\"none\"} -->\n<figure class=\"wp-block-image size-large\"><img src=\"https:\/\/catholiques17.fr\/saintbernardenaunis\/wp-content\/uploads\/sites\/13\/2023\/12\/Image2.jpg\" alt=\"\" class=\"wp-image-9563\" \/><\/figure>\n<!-- \/wp:image -->\n\n<!-- wp:image {\"id\":9565,\"sizeSlug\":\"large\",\"linkDestination\":\"none\"} -->\n<figure class=\"wp-block-image size-large\"><img src=\"https:\/\/catholiques17.fr\/saintbernardenaunis\/wp-content\/uploads\/sites\/13\/2023\/12\/Image3.jpg\" alt=\"\" class=\"wp-image-9565\" \/><\/figure>\n<!-- \/wp:image --><\/figure>\n<!-- \/wp:gallery -->\n\n<!-- wp:gallery {\"linkTo\":\"none\"} -->\n<figure class=\"wp-block-gallery has-nested-images columns-default is-cropped\"><!-- wp:image {\"id\":9553,\"sizeSlug\":\"large\",\"linkDestination\":\"none\"} -->\n<figure class=\"wp-block-image size-large\"><img src=\"https:\/\/catholiques17.fr\/saintbernardenaunis\/wp-content\/uploads\/sites\/13\/2023\/12\/1702931495750.jpg\" alt=\"\" class=\"wp-image-9553\" \/><\/figure>\n<!-- \/wp:image -->\n\n<!-- wp:image {\"id\":9555,\"sizeSlug\":\"large\",\"linkDestination\":\"none\"} -->\n<figure class=\"wp-block-image size-large\"><img src=\"https:\/\/catholiques17.fr\/saintbernardenaunis\/wp-content\/uploads\/sites\/13\/2023\/12\/1702931495765.jpg\" alt=\"\" class=\"wp-image-9555\" \/><\/figure>\n<!-- \/wp:image -->\n\n<!-- wp:image {\"id\":9554,\"sizeSlug\":\"large\",\"linkDestination\":\"none\"} -->\n<figure class=\"wp-block-image size-large\"><img src=\"https:\/\/catholiques17.fr\/saintbernardenaunis\/wp-content\/uploads\/sites\/13\/2023\/12\/1702931495777.jpg\" alt=\"\" class=\"wp-image-9554\" \/><\/figure>\n<!-- \/wp:image --><\/figure>\n<!-- \/wp:gallery -->\n\n<!-- wp:gallery {\"linkTo\":\"none\"} -->\n<figure class=\"wp-block-gallery has-nested-images columns-default is-cropped\"><!-- wp:image {\"id\":9854,\"sizeSlug\":\"large\",\"linkDestination\":\"none\"} -->\n<figure class=\"wp-block-image size-large\"><img src=\"https:\/\/catholiques17.fr\/saintbernardenaunis\/wp-content\/uploads\/sites\/13\/2024\/02\/1707671178449.jpg\" alt=\"\" class=\"wp-image-9854\" \/><\/figure>\n<!-- \/wp:image -->\n\n<!-- wp:image {\"id\":9853,\"sizeSlug\":\"large\",\"linkDestination\":\"none\"} -->\n<figure class=\"wp-block-image size-large\"><img src=\"https:\/\/catholiques17.fr\/saintbernardenaunis\/wp-content\/uploads\/sites\/13\/2024\/02\/1707671178456-1.jpg\" alt=\"\" class=\"wp-image-9853\" \/><\/figure>\n<!-- \/wp:image --><\/figure>\n<!-- \/wp:gallery -->","_et_gb_content_width":"","footnotes":""},"categories":[6],"tags":[],"class_list":["post-9550","post","type-post","status-publish","format-standard","hentry","category-actualite"],"_links":{"self":[{"href":"https:\/\/catholiques17.fr\/saintbernardenaunis\/wp-json\/wp\/v2\/posts\/9550","targetHints":{"allow":["GET"]}}],"collection":[{"href":"https:\/\/catholiques17.fr\/saintbernardenaunis\/wp-json\/wp\/v2\/posts"}],"about":[{"href":"https:\/\/catholiques17.fr\/saintbernardenaunis\/wp-json\/wp\/v2\/types\/post"}],"author":[{"embeddable":true,"href":"https:\/\/catholiques17.fr\/saintbernardenaunis\/wp-json\/wp\/v2\/users\/18"}],"replies":[{"embeddable":true,"href":"https:\/\/catholiques17.fr\/saintbernardenaunis\/wp-json\/wp\/v2\/comments?post=9550"}],"version-history":[{"count":6,"href":"https:\/\/catholiques17.fr\/saintbernardenaunis\/wp-json\/wp\/v2\/posts\/9550\/revisions"}],"predecessor-version":[{"id":11015,"href":"https:\/\/catholiques17.fr\/saintbernardenaunis\/wp-json\/wp\/v2\/posts\/9550\/revisions\/11015"}],"wp:attachment":[{"href":"https:\/\/catholiques17.fr\/saintbernardenaunis\/wp-json\/wp\/v2\/media?parent=9550"}],"wp:term":[{"taxonomy":"category","embeddable":true,"href":"https:\/\/catholiques17.fr\/saintbernardenaunis\/wp-json\/wp\/v2\/categories?post=9550"},{"taxonomy":"post_tag","embeddable":true,"href":"https:\/\/catholiques17.fr\/saintbernardenaunis\/wp-json\/wp\/v2\/tags?post=9550"}],"curies":[{"name":"wp","href":"https:\/\/api.w.org\/{rel}","templated":true}]}}