{"id":9536,"date":"2023-12-08T08:43:22","date_gmt":"2023-12-08T07:43:22","guid":{"rendered":"https:\/\/catholiques17.fr\/saintbernardenaunis\/?p=9536"},"modified":"2023-12-08T08:43:55","modified_gmt":"2023-12-08T07:43:55","slug":"le-temps-de-lavent-avec-les-enfants","status":"publish","type":"post","link":"https:\/\/catholiques17.fr\/saintbernardenaunis\/2023\/12\/08\/le-temps-de-lavent-avec-les-enfants\/","title":{"rendered":"Le temps de l&rsquo;Avent avec les enfants"},"content":{"rendered":"\n<p><\/p>\n\n\n\n<p>Ce mercredi 6 d\u00e9cembre, la maison paroissiale \u00e9tait remplie d&rsquo;enfants avec leurs nounous pour pr\u00e9parer la cr\u00e8che de No\u00ebl. Une quinzaine d&rsquo;enfants de 0 \u00e0 3 ans ont ensuite pu pr\u00e9parer une jolie cr\u00e8che, partager un bon go\u00fbter et \u00eatre berc\u00e9s par de jolis chants de No\u00ebl en compagnie du P\u00e8re Alphonse et d&rsquo;Odile. Un beau moment de partage pour se pr\u00e9parer aux f\u00eates de la Nativit\u00e9.<\/p>\n\n\n\n<p><\/p>\n\n\n\n<figure class=\"wp-block-gallery has-nested-images columns-default is-cropped wp-block-gallery-1 is-layout-flex wp-block-gallery-is-layout-flex\">\n<figure class=\"wp-block-image size-full\"><img loading=\"lazy\" decoding=\"async\" width=\"370\" height=\"800\" data-id=\"9543\" src=\"https:\/\/catholiques17.fr\/saintbernardenaunis\/wp-content\/uploads\/sites\/13\/2023\/12\/1702020133825-1.jpg\" alt=\"\" class=\"wp-image-9543\" srcset=\"https:\/\/catholiques17.fr\/saintbernardenaunis\/wp-content\/uploads\/sites\/13\/2023\/12\/1702020133825-1.jpg 370w, https:\/\/catholiques17.fr\/saintbernardenaunis\/wp-content\/uploads\/sites\/13\/2023\/12\/1702020133825-1-139x300.jpg 139w\" sizes=\"(max-width: 370px) 100vw, 370px\" \/><\/figure>\n\n\n\n<figure class=\"wp-block-image size-large\"><img loading=\"lazy\" decoding=\"async\" width=\"600\" height=\"800\" data-id=\"9538\" src=\"https:\/\/catholiques17.fr\/saintbernardenaunis\/wp-content\/uploads\/sites\/13\/2023\/12\/1702020133806.jpg\" alt=\"\" class=\"wp-image-9538\" srcset=\"https:\/\/catholiques17.fr\/saintbernardenaunis\/wp-content\/uploads\/sites\/13\/2023\/12\/1702020133806.jpg 600w, https:\/\/catholiques17.fr\/saintbernardenaunis\/wp-content\/uploads\/sites\/13\/2023\/12\/1702020133806-480x640.jpg 480w\" sizes=\"(min-width: 0px) and (max-width: 480px) 480px, (min-width: 481px) 600px, 100vw\" \/><\/figure>\n\n\n\n<figure class=\"wp-block-image size-large\"><img loading=\"lazy\" decoding=\"async\" width=\"600\" height=\"800\" data-id=\"9537\" src=\"https:\/\/catholiques17.fr\/saintbernardenaunis\/wp-content\/uploads\/sites\/13\/2023\/12\/1702020133812.jpg\" alt=\"\" class=\"wp-image-9537\" srcset=\"https:\/\/catholiques17.fr\/saintbernardenaunis\/wp-content\/uploads\/sites\/13\/2023\/12\/1702020133812.jpg 600w, https:\/\/catholiques17.fr\/saintbernardenaunis\/wp-content\/uploads\/sites\/13\/2023\/12\/1702020133812-480x640.jpg 480w\" sizes=\"(min-width: 0px) and (max-width: 480px) 480px, (min-width: 481px) 600px, 100vw\" \/><\/figure>\n\n\n\n<figure class=\"wp-block-image size-full\"><img loading=\"lazy\" decoding=\"async\" width=\"600\" height=\"800\" data-id=\"9544\" src=\"https:\/\/catholiques17.fr\/saintbernardenaunis\/wp-content\/uploads\/sites\/13\/2023\/12\/1702020133794-2.jpg\" alt=\"\" class=\"wp-image-9544\" srcset=\"https:\/\/catholiques17.fr\/saintbernardenaunis\/wp-content\/uploads\/sites\/13\/2023\/12\/1702020133794-2.jpg 600w, https:\/\/catholiques17.fr\/saintbernardenaunis\/wp-content\/uploads\/sites\/13\/2023\/12\/1702020133794-2-480x640.jpg 480w\" sizes=\"(min-width: 0px) and (max-width: 480px) 480px, (min-width: 481px) 600px, 100vw\" \/><\/figure>\n<\/figure>\n","protected":false},"excerpt":{"rendered":"<p>Ce mercredi 6 d\u00e9cembre, la maison paroissiale \u00e9tait remplie d&rsquo;enfants avec leurs nounous pour pr\u00e9parer la cr\u00e8che de No\u00ebl. Une quinzaine d&rsquo;enfants de 0 \u00e0 3 ans ont ensuite pu [&hellip;]<\/p>\n","protected":false},"author":18,"featured_media":9541,"comment_status":"open","ping_status":"open","sticky":false,"template":"","format":"standard","meta":{"_et_pb_use_builder":"off","_et_pb_old_content":"","_et_gb_content_width":"","footnotes":""},"categories":[6],"tags":[],"class_list":["post-9536","post","type-post","status-publish","format-standard","has-post-thumbnail","hentry","category-actualite"],"_links":{"self":[{"href":"https:\/\/catholiques17.fr\/saintbernardenaunis\/wp-json\/wp\/v2\/posts\/9536","targetHints":{"allow":["GET"]}}],"collection":[{"href":"https:\/\/catholiques17.fr\/saintbernardenaunis\/wp-json\/wp\/v2\/posts"}],"about":[{"href":"https:\/\/catholiques17.fr\/saintbernardenaunis\/wp-json\/wp\/v2\/types\/post"}],"author":[{"embeddable":true,"href":"https:\/\/catholiques17.fr\/saintbernardenaunis\/wp-json\/wp\/v2\/users\/18"}],"replies":[{"embeddable":true,"href":"https:\/\/catholiques17.fr\/saintbernardenaunis\/wp-json\/wp\/v2\/comments?post=9536"}],"version-history":[{"count":2,"href":"https:\/\/catholiques17.fr\/saintbernardenaunis\/wp-json\/wp\/v2\/posts\/9536\/revisions"}],"predecessor-version":[{"id":9545,"href":"https:\/\/catholiques17.fr\/saintbernardenaunis\/wp-json\/wp\/v2\/posts\/9536\/revisions\/9545"}],"wp:featuredmedia":[{"embeddable":true,"href":"https:\/\/catholiques17.fr\/saintbernardenaunis\/wp-json\/wp\/v2\/media\/9541"}],"wp:attachment":[{"href":"https:\/\/catholiques17.fr\/saintbernardenaunis\/wp-json\/wp\/v2\/media?parent=9536"}],"wp:term":[{"taxonomy":"category","embeddable":true,"href":"https:\/\/catholiques17.fr\/saintbernardenaunis\/wp-json\/wp\/v2\/categories?post=9536"},{"taxonomy":"post_tag","embeddable":true,"href":"https:\/\/catholiques17.fr\/saintbernardenaunis\/wp-json\/wp\/v2\/tags?post=9536"}],"curies":[{"name":"wp","href":"https:\/\/api.w.org\/{rel}","templated":true}]}}