{"id":9532,"date":"2023-12-08T08:38:16","date_gmt":"2023-12-08T07:38:16","guid":{"rendered":"https:\/\/catholiques17.fr\/saintbernardenaunis\/?p=9532"},"modified":"2023-12-08T08:38:20","modified_gmt":"2023-12-08T07:38:20","slug":"operation-800-ans-800-creches","status":"publish","type":"post","link":"https:\/\/catholiques17.fr\/saintbernardenaunis\/2023\/12\/08\/operation-800-ans-800-creches\/","title":{"rendered":"Op\u00e9ration \u201c800 ans, 800 cr\u00e8ches\u201d"},"content":{"rendered":"\n<h2 class=\"wp-block-heading\">Nous f\u00eatons cette ann\u00e9e les 800 ans de la premi\u00e8re cr\u00e8che, cr\u00e9\u00e9e par saint Fran\u00e7ois d\u2019Assise \u00e0 Greccio.<\/h2>\n\n\n\n<p><strong>A cette occasion, le dioc\u00e8se de la Rochelle lance une grande op\u00e9ration \u201c800 ans, 800 cr\u00e8ches\u201d<\/strong>; et si nous y participions en envoyant chacun une photo de notre cr\u00e8che, celle de notre \u00e9glise, celle d\u2019une personne \u00e0 qui nous rendons visite, celle d\u2019un EHPAD ou peut-\u00eatre d\u2019un magasin ?<\/p>\n\n\n\n<figure class=\"wp-block-image size-full\"><img loading=\"lazy\" decoding=\"async\" width=\"566\" height=\"800\" src=\"https:\/\/catholiques17.fr\/saintbernardenaunis\/wp-content\/uploads\/sites\/13\/2023\/12\/creches-1.jpg\" alt=\"\" class=\"wp-image-9533\" srcset=\"https:\/\/catholiques17.fr\/saintbernardenaunis\/wp-content\/uploads\/sites\/13\/2023\/12\/creches-1.jpg 566w, https:\/\/catholiques17.fr\/saintbernardenaunis\/wp-content\/uploads\/sites\/13\/2023\/12\/creches-1-480x678.jpg 480w\" sizes=\"(min-width: 0px) and (max-width: 480px) 480px, (min-width: 481px) 566px, 100vw\" \/><\/figure>\n\n\n\n<p>Envoyez vos photos de cr\u00e8ches \u00e0 :&nbsp;<a href=\"mailto:communication@diocese17.fr\" target=\"_blank\" rel=\"noreferrer noopener\">communication@diocese17.fr<\/a>, n\u2019h\u00e9sitez pas \u00e0 indiquez vos pr\u00e9noms, ainsi que le lieu o\u00f9 a \u00e9t\u00e9 prise la photo (par exemple : \u201ccr\u00e8che de Marine et Jean-Marc \u00e0 L\u2019Houmeau\u201d, ou \u201ccr\u00e8che de l\u2019\u00e9glise de Nieul s\/mer\u201d).<\/p>\n\n\n\n<p>Vous pourrez retrouver vos clich\u00e9s avec tous ceux re\u00e7us par les chr\u00e9tiens de Charente-Maritime, sur le site :&nbsp;<a href=\"https:\/\/catholiques17.fr\/\" target=\"_blank\" rel=\"noreferrer noopener\">www.catholiques17.fr<\/a><\/p>\n","protected":false},"excerpt":{"rendered":"<p>Nous f\u00eatons cette ann\u00e9e les 800 ans de la premi\u00e8re cr\u00e8che, cr\u00e9\u00e9e par saint Fran\u00e7ois d\u2019Assise \u00e0 Greccio. A cette occasion, le dioc\u00e8se de la Rochelle lance une grande op\u00e9ration [&hellip;]<\/p>\n","protected":false},"author":18,"featured_media":9534,"comment_status":"open","ping_status":"open","sticky":false,"template":"","format":"standard","meta":{"_et_pb_use_builder":"off","_et_pb_old_content":"","_et_gb_content_width":"","footnotes":""},"categories":[6],"tags":[],"class_list":["post-9532","post","type-post","status-publish","format-standard","has-post-thumbnail","hentry","category-actualite"],"_links":{"self":[{"href":"https:\/\/catholiques17.fr\/saintbernardenaunis\/wp-json\/wp\/v2\/posts\/9532","targetHints":{"allow":["GET"]}}],"collection":[{"href":"https:\/\/catholiques17.fr\/saintbernardenaunis\/wp-json\/wp\/v2\/posts"}],"about":[{"href":"https:\/\/catholiques17.fr\/saintbernardenaunis\/wp-json\/wp\/v2\/types\/post"}],"author":[{"embeddable":true,"href":"https:\/\/catholiques17.fr\/saintbernardenaunis\/wp-json\/wp\/v2\/users\/18"}],"replies":[{"embeddable":true,"href":"https:\/\/catholiques17.fr\/saintbernardenaunis\/wp-json\/wp\/v2\/comments?post=9532"}],"version-history":[{"count":1,"href":"https:\/\/catholiques17.fr\/saintbernardenaunis\/wp-json\/wp\/v2\/posts\/9532\/revisions"}],"predecessor-version":[{"id":9535,"href":"https:\/\/catholiques17.fr\/saintbernardenaunis\/wp-json\/wp\/v2\/posts\/9532\/revisions\/9535"}],"wp:featuredmedia":[{"embeddable":true,"href":"https:\/\/catholiques17.fr\/saintbernardenaunis\/wp-json\/wp\/v2\/media\/9534"}],"wp:attachment":[{"href":"https:\/\/catholiques17.fr\/saintbernardenaunis\/wp-json\/wp\/v2\/media?parent=9532"}],"wp:term":[{"taxonomy":"category","embeddable":true,"href":"https:\/\/catholiques17.fr\/saintbernardenaunis\/wp-json\/wp\/v2\/categories?post=9532"},{"taxonomy":"post_tag","embeddable":true,"href":"https:\/\/catholiques17.fr\/saintbernardenaunis\/wp-json\/wp\/v2\/tags?post=9532"}],"curies":[{"name":"wp","href":"https:\/\/api.w.org\/{rel}","templated":true}]}}