{"id":9503,"date":"2023-11-30T20:54:44","date_gmt":"2023-11-30T19:54:44","guid":{"rendered":"https:\/\/catholiques17.fr\/saintbernardenaunis\/?p=9503"},"modified":"2023-11-30T20:54:47","modified_gmt":"2023-11-30T19:54:47","slug":"concert-spirituel-acoustique","status":"publish","type":"post","link":"https:\/\/catholiques17.fr\/saintbernardenaunis\/2023\/11\/30\/concert-spirituel-acoustique\/","title":{"rendered":"Concert Spirituel Acoustique"},"content":{"rendered":"\n<p>Le P\u00e8re Christophe de la Chanonie (Christof), accompagn\u00e9 de Falci, fid\u00e8le ami guitariste et percussionniste, vous propose un concert (vari\u00e9t\u00e9 louange) en l&rsquo;\u00e9glise de Saint Jean de Liversay.<\/p>\n\n\n\n<p>Entr\u00e9e libre. Il sera fait appel \u00e0 la g\u00e9n\u00e9rosit\u00e9 des paroissiens en faisant passer un chapeau (une qu\u00eate) \u00e0 la fin du concert. Proposition \u00e0 la vente des CD et des livrets contenant des chansons de Christophe.<\/p>\n","protected":false},"excerpt":{"rendered":"<p>Le P\u00e8re Christophe de la Chanonie (Christof), accompagn\u00e9 de Falci, fid\u00e8le ami guitariste et percussionniste, vous propose un concert (vari\u00e9t\u00e9 louange) en l&rsquo;\u00e9glise de Saint Jean de Liversay. Entr\u00e9e libre. [&hellip;]<\/p>\n","protected":false},"author":18,"featured_media":9505,"comment_status":"open","ping_status":"open","sticky":false,"template":"","format":"standard","meta":{"_et_pb_use_builder":"off","_et_pb_old_content":"","_et_gb_content_width":"","footnotes":""},"categories":[6],"tags":[],"class_list":["post-9503","post","type-post","status-publish","format-standard","has-post-thumbnail","hentry","category-actualite"],"_links":{"self":[{"href":"https:\/\/catholiques17.fr\/saintbernardenaunis\/wp-json\/wp\/v2\/posts\/9503","targetHints":{"allow":["GET"]}}],"collection":[{"href":"https:\/\/catholiques17.fr\/saintbernardenaunis\/wp-json\/wp\/v2\/posts"}],"about":[{"href":"https:\/\/catholiques17.fr\/saintbernardenaunis\/wp-json\/wp\/v2\/types\/post"}],"author":[{"embeddable":true,"href":"https:\/\/catholiques17.fr\/saintbernardenaunis\/wp-json\/wp\/v2\/users\/18"}],"replies":[{"embeddable":true,"href":"https:\/\/catholiques17.fr\/saintbernardenaunis\/wp-json\/wp\/v2\/comments?post=9503"}],"version-history":[{"count":1,"href":"https:\/\/catholiques17.fr\/saintbernardenaunis\/wp-json\/wp\/v2\/posts\/9503\/revisions"}],"predecessor-version":[{"id":9506,"href":"https:\/\/catholiques17.fr\/saintbernardenaunis\/wp-json\/wp\/v2\/posts\/9503\/revisions\/9506"}],"wp:featuredmedia":[{"embeddable":true,"href":"https:\/\/catholiques17.fr\/saintbernardenaunis\/wp-json\/wp\/v2\/media\/9505"}],"wp:attachment":[{"href":"https:\/\/catholiques17.fr\/saintbernardenaunis\/wp-json\/wp\/v2\/media?parent=9503"}],"wp:term":[{"taxonomy":"category","embeddable":true,"href":"https:\/\/catholiques17.fr\/saintbernardenaunis\/wp-json\/wp\/v2\/categories?post=9503"},{"taxonomy":"post_tag","embeddable":true,"href":"https:\/\/catholiques17.fr\/saintbernardenaunis\/wp-json\/wp\/v2\/tags?post=9503"}],"curies":[{"name":"wp","href":"https:\/\/api.w.org\/{rel}","templated":true}]}}