{"id":9376,"date":"2023-11-13T11:23:28","date_gmt":"2023-11-13T10:23:28","guid":{"rendered":"https:\/\/catholiques17.fr\/saintbernardenaunis\/?p=9376"},"modified":"2023-11-13T11:24:07","modified_gmt":"2023-11-13T10:24:07","slug":"soiree-cine-debat-film-zut","status":"publish","type":"post","link":"https:\/\/catholiques17.fr\/saintbernardenaunis\/2023\/11\/13\/soiree-cine-debat-film-zut\/","title":{"rendered":"Soir\u00e9e cin\u00e9 d\u00e9bat film ZUT"},"content":{"rendered":"\n<p>Dans le cadre du festival AlimenTERRE : projection du film ZUT (zone urgente \u00e0 transformer)<\/p>\n\n\n\n<p>Jeudi 30 novembre &#8211; 20h &#8211; salle des f\u00eates de Nuaill\u00e9 d&rsquo;Aunis\u00a0\u00a0(\u00e0 c\u00f4t\u00e9 de la pharmacie)<\/p>\n\n\n\n<p>Echanges d\u00e9bat avec des producteurs locaux c\u00e9r\u00e9alier et maraicher<\/p>\n\n\n\n<p><strong><em> \u00ab\u00a0Un film tr\u00e8s humain, teint\u00e9 d\u2019humour, met en avant la lutte d\u2019un petit groupe de citoyens interg\u00e9n\u00e9rationnel, contre l\u2019usage des pesticides sur leur territoire. Ce film est une bonne entr\u00e9e pour informer sur les effets sanitaires et environnementaux des pesticides mais aussi pour sensibiliser les publics \u00e0 leur pouvoir d\u2019agir collectivement. Le sujet est trait\u00e9 de mani\u00e8re assez compl\u00e8te en faisant intervenir des acteurs vari\u00e9s avec des points de vue diff\u00e9rents. On y retrouve des t\u00e9moignages d\u2019habitants, d\u2019associations, de scientifiques, d\u2019agriculteurs bio mais aussi conventionnels.\u00a0\u00bb<\/em><\/strong><\/p>\n","protected":false},"excerpt":{"rendered":"<p>Dans le cadre du festival AlimenTERRE : projection du film ZUT (zone urgente \u00e0 transformer) Jeudi 30 novembre &#8211; 20h &#8211; salle des f\u00eates de Nuaill\u00e9 d&rsquo;Aunis\u00a0\u00a0(\u00e0 c\u00f4t\u00e9 de la [&hellip;]<\/p>\n","protected":false},"author":18,"featured_media":9377,"comment_status":"open","ping_status":"open","sticky":false,"template":"","format":"standard","meta":{"_et_pb_use_builder":"off","_et_pb_old_content":"","_et_gb_content_width":"","footnotes":""},"categories":[6],"tags":[],"class_list":["post-9376","post","type-post","status-publish","format-standard","has-post-thumbnail","hentry","category-actualite"],"_links":{"self":[{"href":"https:\/\/catholiques17.fr\/saintbernardenaunis\/wp-json\/wp\/v2\/posts\/9376","targetHints":{"allow":["GET"]}}],"collection":[{"href":"https:\/\/catholiques17.fr\/saintbernardenaunis\/wp-json\/wp\/v2\/posts"}],"about":[{"href":"https:\/\/catholiques17.fr\/saintbernardenaunis\/wp-json\/wp\/v2\/types\/post"}],"author":[{"embeddable":true,"href":"https:\/\/catholiques17.fr\/saintbernardenaunis\/wp-json\/wp\/v2\/users\/18"}],"replies":[{"embeddable":true,"href":"https:\/\/catholiques17.fr\/saintbernardenaunis\/wp-json\/wp\/v2\/comments?post=9376"}],"version-history":[{"count":2,"href":"https:\/\/catholiques17.fr\/saintbernardenaunis\/wp-json\/wp\/v2\/posts\/9376\/revisions"}],"predecessor-version":[{"id":9379,"href":"https:\/\/catholiques17.fr\/saintbernardenaunis\/wp-json\/wp\/v2\/posts\/9376\/revisions\/9379"}],"wp:featuredmedia":[{"embeddable":true,"href":"https:\/\/catholiques17.fr\/saintbernardenaunis\/wp-json\/wp\/v2\/media\/9377"}],"wp:attachment":[{"href":"https:\/\/catholiques17.fr\/saintbernardenaunis\/wp-json\/wp\/v2\/media?parent=9376"}],"wp:term":[{"taxonomy":"category","embeddable":true,"href":"https:\/\/catholiques17.fr\/saintbernardenaunis\/wp-json\/wp\/v2\/categories?post=9376"},{"taxonomy":"post_tag","embeddable":true,"href":"https:\/\/catholiques17.fr\/saintbernardenaunis\/wp-json\/wp\/v2\/tags?post=9376"}],"curies":[{"name":"wp","href":"https:\/\/api.w.org\/{rel}","templated":true}]}}