{"id":9370,"date":"2023-11-07T10:32:13","date_gmt":"2023-11-07T09:32:13","guid":{"rendered":"https:\/\/catholiques17.fr\/saintbernardenaunis\/?p=9370"},"modified":"2023-11-07T10:32:14","modified_gmt":"2023-11-07T09:32:14","slug":"11-novembre-spiday-a-saint-sauveur","status":"publish","type":"post","link":"https:\/\/catholiques17.fr\/saintbernardenaunis\/2023\/11\/07\/11-novembre-spiday-a-saint-sauveur\/","title":{"rendered":"11 novembre : Spiday \u00e0 Saint-Sauveur"},"content":{"rendered":"<p>[et_pb_section fb_built=\u00a0\u00bb1&Prime; theme_builder_area=\u00a0\u00bbpost_content\u00a0\u00bb _builder_version=\u00a0\u00bb4.21.0&Prime; _module_preset=\u00a0\u00bbdefault\u00a0\u00bb][et_pb_row _builder_version=\u00a0\u00bb4.16&Prime; background_size=\u00a0\u00bbinitial\u00a0\u00bb background_position=\u00a0\u00bbtop_left\u00a0\u00bb background_repeat=\u00a0\u00bbrepeat\u00a0\u00bb locked=\u00a0\u00bboff\u00a0\u00bb global_colors_info=\u00a0\u00bb{}\u00a0\u00bb theme_builder_area=\u00a0\u00bbpost_content\u00a0\u00bb][et_pb_column type=\u00a0\u00bb4_4&Prime; _builder_version=\u00a0\u00bb4.16&Prime; custom_padding=\u00a0\u00bb|||\u00a0\u00bb global_colors_info=\u00a0\u00bb{}\u00a0\u00bb custom_padding__hover=\u00a0\u00bb|||\u00a0\u00bb theme_builder_area=\u00a0\u00bbpost_content\u00a0\u00bb][et_pb_text _builder_version=\u00a0\u00bb4.21.0&Prime; background_size=\u00a0\u00bbinitial\u00a0\u00bb background_position=\u00a0\u00bbtop_left\u00a0\u00bb background_repeat=\u00a0\u00bbrepeat\u00a0\u00bb hover_enabled=\u00a0\u00bb0&Prime; global_colors_info=\u00a0\u00bb{}\u00a0\u00bb theme_builder_area=\u00a0\u00bbpost_content\u00a0\u00bb sticky_enabled=\u00a0\u00bb0&Prime;]<\/p>\n<h3><strong>Les Spidays c&rsquo;est quoi ?<\/strong><\/h3>\n<h3>Un temps fort et joyeux organis\u00e9 par la Pastorale des Jeunes \u00e0 destination de tous les coll\u00e9giens &amp; Lyc\u00e9ens du dioc\u00e8se. C&rsquo;est une journ\u00e9e spirituelle et fraternelle o\u00f9 les jeunes peuvent se retrouver dans la joie, inviter leurs amis, approfondir \/ d\u00e9couvrir la foi&#8230; Bref, un coup de boost dans l&rsquo;ann\u00e9e !<\/h3>\n<h3>2 journ\u00e9es dans l&rsquo;ann\u00e9e, l&rsquo;une dans le nord du dioc\u00e8se et l&rsquo;autre dans le sud (Jonzac &#8211; 23 mars). Elles ont lieu plut\u00f4t en rural pour rejoindre aussi ceux qui sont plus isol\u00e9s.<\/h3>\n<h2 style=\"text-align: center;\"><strong>\u00adRendez-vous le samedi 11 novembre prochain <\/strong><\/h2>\n<h2 style=\"text-align: center;\"><strong>\u00e0 Saint-Sauveur-d&rsquo;Aunis !<\/strong><\/h2>\n<h2 style=\"text-align: center;\">Th\u00e8me de cette premi\u00e8re journ\u00e9e : \u00ab\u00a0J\u00e9sus dans nos \u00e9crans\u00a0\u00bb<\/h2>\n<h3>Au programme : louange ; jeux ; t\u00e9moignage, temps fraternels<\/h3>\n<h3>Apporter un pique nique<\/h3>\n<p>[\/et_pb_text][et_pb_cta title=\u00a0\u00bbInscriptions\u00a0\u00bb button_url=\u00a0\u00bbhttp:\/\/jeunes17.fr\u00a0\u00bb button_text=\u00a0\u00bbjeunes17.fr\u00a0\u00bb _builder_version=\u00a0\u00bb4.21.0&Prime; _module_preset=\u00a0\u00bbdefault\u00a0\u00bb global_colors_info=\u00a0\u00bb{}\u00a0\u00bb theme_builder_area=\u00a0\u00bbpost_content\u00a0\u00bb]<\/p>\n<h3>Inscription aupr\u00e8s des aum\u00f4neries<\/h3>\n<h3>Plus d&rsquo;infos : <a href=\"mailto:%20jeunes@diocese17.fr\">jeunes@diocese17.fr<\/a> &#8211; 06 47 61 01 34<\/h3>\n<h3><\/h3>\n<p>[\/et_pb_cta][\/et_pb_column][\/et_pb_row][\/et_pb_section]<\/p>\n","protected":false},"excerpt":{"rendered":"<p>Les Spidays c&rsquo;est quoi ? Un temps fort et joyeux organis\u00e9 par la Pastorale des Jeunes \u00e0 destination de tous les coll\u00e9giens &amp; Lyc\u00e9ens du dioc\u00e8se. C&rsquo;est une journ\u00e9e spirituelle [&hellip;]<\/p>\n","protected":false},"author":41,"featured_media":9371,"comment_status":"open","ping_status":"open","sticky":false,"template":"","format":"standard","meta":{"_et_pb_use_builder":"on","_et_pb_old_content":"","_et_gb_content_width":"","footnotes":""},"categories":[6],"tags":[],"class_list":["post-9370","post","type-post","status-publish","format-standard","has-post-thumbnail","hentry","category-actualite"],"_links":{"self":[{"href":"https:\/\/catholiques17.fr\/saintbernardenaunis\/wp-json\/wp\/v2\/posts\/9370","targetHints":{"allow":["GET"]}}],"collection":[{"href":"https:\/\/catholiques17.fr\/saintbernardenaunis\/wp-json\/wp\/v2\/posts"}],"about":[{"href":"https:\/\/catholiques17.fr\/saintbernardenaunis\/wp-json\/wp\/v2\/types\/post"}],"author":[{"embeddable":true,"href":"https:\/\/catholiques17.fr\/saintbernardenaunis\/wp-json\/wp\/v2\/users\/41"}],"replies":[{"embeddable":true,"href":"https:\/\/catholiques17.fr\/saintbernardenaunis\/wp-json\/wp\/v2\/comments?post=9370"}],"version-history":[{"count":2,"href":"https:\/\/catholiques17.fr\/saintbernardenaunis\/wp-json\/wp\/v2\/posts\/9370\/revisions"}],"predecessor-version":[{"id":9373,"href":"https:\/\/catholiques17.fr\/saintbernardenaunis\/wp-json\/wp\/v2\/posts\/9370\/revisions\/9373"}],"wp:featuredmedia":[{"embeddable":true,"href":"https:\/\/catholiques17.fr\/saintbernardenaunis\/wp-json\/wp\/v2\/media\/9371"}],"wp:attachment":[{"href":"https:\/\/catholiques17.fr\/saintbernardenaunis\/wp-json\/wp\/v2\/media?parent=9370"}],"wp:term":[{"taxonomy":"category","embeddable":true,"href":"https:\/\/catholiques17.fr\/saintbernardenaunis\/wp-json\/wp\/v2\/categories?post=9370"},{"taxonomy":"post_tag","embeddable":true,"href":"https:\/\/catholiques17.fr\/saintbernardenaunis\/wp-json\/wp\/v2\/tags?post=9370"}],"curies":[{"name":"wp","href":"https:\/\/api.w.org\/{rel}","templated":true}]}}