{"id":9355,"date":"2023-11-03T20:02:38","date_gmt":"2023-11-03T19:02:38","guid":{"rendered":"https:\/\/catholiques17.fr\/saintbernardenaunis\/?p=9355"},"modified":"2023-11-03T20:07:11","modified_gmt":"2023-11-03T19:07:11","slug":"toussaint-et-commemoration-des-fideles-defunts","status":"publish","type":"post","link":"https:\/\/catholiques17.fr\/saintbernardenaunis\/2023\/11\/03\/toussaint-et-commemoration-des-fideles-defunts\/","title":{"rendered":"Toussaint et Comm\u00e9moration des fid\u00e8les d\u00e9funts"},"content":{"rendered":"\n<p>Comme son nom l\u2019indique, la Toussaint est la f\u00eate de tous les saints. Chaque 1er novembre, l\u2019\u00c9glise honore ainsi la foule innombrable de ceux et celles qui ont \u00e9t\u00e9 de vivants et lumineux t\u00e9moins du Christ.<\/p>\n\n\n\n<figure class=\"wp-block-image size-full is-resized\"><img loading=\"lazy\" decoding=\"async\" width=\"605\" height=\"340\" src=\"https:\/\/catholiques17.fr\/saintbernardenaunis\/wp-content\/uploads\/sites\/13\/2023\/11\/Image2.jpg\" alt=\"\" class=\"wp-image-9356\" style=\"aspect-ratio:1.7794117647058822;width:823px;height:auto\" srcset=\"https:\/\/catholiques17.fr\/saintbernardenaunis\/wp-content\/uploads\/sites\/13\/2023\/11\/Image2.jpg 605w, https:\/\/catholiques17.fr\/saintbernardenaunis\/wp-content\/uploads\/sites\/13\/2023\/11\/Image2-480x270.jpg 480w\" sizes=\"(min-width: 0px) and (max-width: 480px) 480px, (min-width: 481px) 605px, 100vw\" \/><\/figure>\n\n\n\n<p>Le 2 novembre est c\u00e9l\u00e9br\u00e9e <strong>une messe \u00e0 l\u2019intention des d\u00e9funts<\/strong>\u00a0de nos familles, proches et amis que nous avons accompagn\u00e9s sur \u00ab l\u2019Autre Rive \u00bb depuis le mois de novembre 2022 jusqu\u2019au 31 octobre 2023.<strong><br><\/strong>Nous d\u00e9sirons\u00a0<em>\u00ab\u00a0les rendre pr\u00e9sents parmi nous\u00a0\u00bb<\/em>\u00a0lors de cette c\u00e9l\u00e9bration d\u2019une mani\u00e8re particuli\u00e8re.<br>Pour le signifier, apr\u00e8s l\u2019appel des noms des d\u00e9funts de chaque commune de notre paroisse, nous d\u00e9posons un luminion devant l&rsquo;autel pour nous rappeler que J\u00e9sus est pass\u00e9 victorieusement \u00e0 travers la mort pour nous emmener dans la Maison du P\u00e8re, l\u00e0 o\u00f9 chacun peut trouver sa demeure et o\u00f9 la lumi\u00e8re ne cesse de briller.<\/p>\n\n\n\n<figure class=\"wp-block-image size-full\"><img loading=\"lazy\" decoding=\"async\" width=\"369\" height=\"800\" src=\"https:\/\/catholiques17.fr\/saintbernardenaunis\/wp-content\/uploads\/sites\/13\/2023\/11\/Image4.jpg\" alt=\"\" class=\"wp-image-9358\" srcset=\"https:\/\/catholiques17.fr\/saintbernardenaunis\/wp-content\/uploads\/sites\/13\/2023\/11\/Image4.jpg 369w, https:\/\/catholiques17.fr\/saintbernardenaunis\/wp-content\/uploads\/sites\/13\/2023\/11\/Image4-138x300.jpg 138w\" sizes=\"(max-width: 369px) 100vw, 369px\" \/><\/figure>\n\n\n\n<p>\u00catre abattu par la mort de quelqu\u2019un de proche est humain, la foi chr\u00e9tienne dans la r\u00e9surrection n\u2019est pas un baume \u00e0 mettre sur une plaie pour ne plus avoir mal, elle est bien plus que cela : elle permet \u00e0 chacun d\u2019avoir la force de vivre avec l\u2019\u00e9preuve de la s\u00e9paration physique sans la minimiser.<br>La peine que nous ressentons ne doit pas faire oublier que cette absence n\u2019est que physique, nous savons que ceux qui nous pr\u00e9c\u00e8dent dans le Royaume ne nous abandonnent pas : ils continuent \u00e0 \u00eatre spirituellement avec nous, par la pri\u00e8re, dans l\u2019attente de nous retrouver. Nous le professons chaque dimanche dans le Credo : je crois \u00ab\u00a0<strong>\u00e0 la\u00a0Communion des saints<\/strong>\u00a0\u00bb.<br>Car nous avons la conviction qu\u2019il n\u2019est pas n\u00e9cessaire d\u2019attendre la r\u00e9surrection pour \u00eatre avec ceux qui nous ont pr\u00e9c\u00e9d\u00e9s. La\u00a0<strong>Communion des saints<\/strong>\u00a0est ce rassemblement de tous dans la Foi\u00a0: vivants et morts, ensemble avec le Seigneur.<br><strong>Cette comm\u00e9moration des fid\u00e8les d\u00e9funts<\/strong>, m\u00eame si elle ravive la peine envers ceux que nous avons connus et aim\u00e9s, est surtout une journ\u00e9e o\u00f9 nous leur disons un grand merci pour tout ce qu\u2019ils nous ont donn\u00e9.<\/p>\n\n\n\n<p>Et pour la 1\u00e8re fois dans notre paroisse, \u00e0 l\u2019occasion de la f\u00eate de la Toussaint, le P\u00e8re Alphonse se rend dans tous les cimeti\u00e8res des communes composant notre paroisse pour <strong>le rituel de la b\u00e9n\u00e9diction des tombes<\/strong> afin d\u2019\u00eatre en communion avec tous nos fr\u00e8res et s\u0153urs d\u00e9funts.<\/p>\n\n\n\n<figure class=\"wp-block-gallery has-nested-images columns-default is-cropped wp-block-gallery-1 is-layout-flex wp-block-gallery-is-layout-flex\">\n<figure class=\"wp-block-image size-large\"><img loading=\"lazy\" decoding=\"async\" width=\"605\" height=\"279\" data-id=\"9366\" src=\"https:\/\/catholiques17.fr\/saintbernardenaunis\/wp-content\/uploads\/sites\/13\/2023\/11\/Image1-1.jpg\" alt=\"\" class=\"wp-image-9366\" srcset=\"https:\/\/catholiques17.fr\/saintbernardenaunis\/wp-content\/uploads\/sites\/13\/2023\/11\/Image1-1.jpg 605w, https:\/\/catholiques17.fr\/saintbernardenaunis\/wp-content\/uploads\/sites\/13\/2023\/11\/Image1-1-480x221.jpg 480w\" sizes=\"(min-width: 0px) and (max-width: 480px) 480px, (min-width: 481px) 605px, 100vw\" \/><\/figure>\n<\/figure>\n\n\n\n<p><\/p>\n\n\n\n<p>Le rituel consiste \u00e0 b\u00e9nir d\u2019abord \u00ab\u00a0aux quatre coins\u00a0\u00bb du cimeti\u00e8re car cette b\u00e9n\u00e9diction est pour tout le monde. Il s\u2019agit d\u2019un acte de foi pour dire que le soleil brille pour tous, croyants ou non-croyants.\u00a0Ensuite, le P\u00e8re b\u00e9nit les tombes des familles qui en ont fait la demande avec les fid\u00e8les qui l&rsquo;accompagnent. Une tr\u00e8s belle initiative appr\u00e9ci\u00e9e de tou(te)s.<\/p>\n","protected":false},"excerpt":{"rendered":"<p>Comme son nom l\u2019indique, la Toussaint est la f\u00eate de tous les saints. Chaque 1er novembre, l\u2019\u00c9glise honore ainsi la foule innombrable de ceux et celles qui ont \u00e9t\u00e9 de [&hellip;]<\/p>\n","protected":false},"author":18,"featured_media":9357,"comment_status":"open","ping_status":"open","sticky":false,"template":"","format":"standard","meta":{"_et_pb_use_builder":"off","_et_pb_old_content":"","_et_gb_content_width":"","footnotes":""},"categories":[6],"tags":[],"class_list":["post-9355","post","type-post","status-publish","format-standard","has-post-thumbnail","hentry","category-actualite"],"_links":{"self":[{"href":"https:\/\/catholiques17.fr\/saintbernardenaunis\/wp-json\/wp\/v2\/posts\/9355","targetHints":{"allow":["GET"]}}],"collection":[{"href":"https:\/\/catholiques17.fr\/saintbernardenaunis\/wp-json\/wp\/v2\/posts"}],"about":[{"href":"https:\/\/catholiques17.fr\/saintbernardenaunis\/wp-json\/wp\/v2\/types\/post"}],"author":[{"embeddable":true,"href":"https:\/\/catholiques17.fr\/saintbernardenaunis\/wp-json\/wp\/v2\/users\/18"}],"replies":[{"embeddable":true,"href":"https:\/\/catholiques17.fr\/saintbernardenaunis\/wp-json\/wp\/v2\/comments?post=9355"}],"version-history":[{"count":5,"href":"https:\/\/catholiques17.fr\/saintbernardenaunis\/wp-json\/wp\/v2\/posts\/9355\/revisions"}],"predecessor-version":[{"id":9368,"href":"https:\/\/catholiques17.fr\/saintbernardenaunis\/wp-json\/wp\/v2\/posts\/9355\/revisions\/9368"}],"wp:featuredmedia":[{"embeddable":true,"href":"https:\/\/catholiques17.fr\/saintbernardenaunis\/wp-json\/wp\/v2\/media\/9357"}],"wp:attachment":[{"href":"https:\/\/catholiques17.fr\/saintbernardenaunis\/wp-json\/wp\/v2\/media?parent=9355"}],"wp:term":[{"taxonomy":"category","embeddable":true,"href":"https:\/\/catholiques17.fr\/saintbernardenaunis\/wp-json\/wp\/v2\/categories?post=9355"},{"taxonomy":"post_tag","embeddable":true,"href":"https:\/\/catholiques17.fr\/saintbernardenaunis\/wp-json\/wp\/v2\/tags?post=9355"}],"curies":[{"name":"wp","href":"https:\/\/api.w.org\/{rel}","templated":true}]}}