{"id":9129,"date":"2023-09-23T18:38:44","date_gmt":"2023-09-23T16:38:44","guid":{"rendered":"https:\/\/catholiques17.fr\/saintbernardenaunis\/?p=9129"},"modified":"2023-09-23T18:45:49","modified_gmt":"2023-09-23T16:45:49","slug":"messe-paroissiale-de-rentree","status":"publish","type":"post","link":"https:\/\/catholiques17.fr\/saintbernardenaunis\/2023\/09\/23\/messe-paroissiale-de-rentree\/","title":{"rendered":"Messe paroissiale de rentr\u00e9e"},"content":{"rendered":"\n<p>Ce dimanche 17 septembre, \u00e0 l&rsquo;occasion du p\u00e8lerinage paroissial annuel \u00e0 Notre-Dame des sept douleurs, notre communaut\u00e9 faisait sa rentr\u00e9e pastorale.<\/p>\n\n\n\n<p>Avant la c\u00e9l\u00e9bration de la messe, l&rsquo;assembl\u00e9e a r\u00e9cit\u00e9 la pri\u00e8re du chapelet des 7 douleurs de la Vierge Marie pour m\u00e9diter sur la mani\u00e8re dont Notre-Dame fut associ\u00e9e en toute sa vie \u00e0 l\u2019\u0153uvre r\u00e9demptrice accomplie par son Fils. Ce chapelet est tr\u00e8s diff\u00e9rent dans sa structure et sa composition du chapelet classique. Il se compose non pas de dizaines mais de \u00abseptaines\u00bb, c\u2019est-\u00e0-dire de s\u00e9ries de sept \u00abJe vous salue\u00bb pour honorer la Vierge de Compassion.<\/p>\n\n\n\n<figure class=\"wp-block-image\"><img decoding=\"async\" src=\"https:\/\/www.yonne.catholique.fr\/sainte-reine\/grandir-dans-la-foi\/la-priere-du-chapelet-des-7-douleurs-de-la-vierge-marie\/image_large\" alt=\"\" \/><\/figure>\n\n\n\n<p>A l&rsquo;issue du chapelet, le P\u00e8re Alphonse a c\u00e9l\u00e9br\u00e9 la messe. L&rsquo;occasion d&rsquo;annoncer le nouveau fil rouge de notre ann\u00e9e pastorale 2023-2024 : <strong>\u00ab\u00a0Autour de la Parole de Dieu\u00a0\u00bb<\/strong> avec une rencontre mensuelle tous les 3\u00e8me mardi du mois \u00e0 la maison paroissiale. Rendez-vous est pris pour le mardi 17 octobre pour la 1\u00e8re rencontre !<\/p>\n\n\n\n<figure class=\"wp-block-image size-full\"><img loading=\"lazy\" decoding=\"async\" width=\"602\" height=\"800\" src=\"https:\/\/catholiques17.fr\/saintbernardenaunis\/wp-content\/uploads\/sites\/13\/2023\/09\/Image2.jpg\" alt=\"\" class=\"wp-image-9141\" srcset=\"https:\/\/catholiques17.fr\/saintbernardenaunis\/wp-content\/uploads\/sites\/13\/2023\/09\/Image2.jpg 602w, https:\/\/catholiques17.fr\/saintbernardenaunis\/wp-content\/uploads\/sites\/13\/2023\/09\/Image2-480x638.jpg 480w\" sizes=\"(min-width: 0px) and (max-width: 480px) 480px, (min-width: 481px) 602px, 100vw\" \/><\/figure>\n\n\n\n<p>Jenny TARDIF , qui prend la responsabilit\u00e9 du service d&rsquo;\u00e9veil \u00e0 la foi, a re\u00e7u sa lettre de mission; l&rsquo;occasion de dire un grand merci \u00e0 Emmanuelle qui a assur\u00e9 ce service ces derni\u00e8res ann\u00e9es et qui passe le relais \u00e0 Jenny.<\/p>\n\n\n\n<figure class=\"wp-block-image size-full\"><img loading=\"lazy\" decoding=\"async\" width=\"602\" height=\"800\" src=\"https:\/\/catholiques17.fr\/saintbernardenaunis\/wp-content\/uploads\/sites\/13\/2023\/09\/Image3.jpg\" alt=\"\" class=\"wp-image-9136\" srcset=\"https:\/\/catholiques17.fr\/saintbernardenaunis\/wp-content\/uploads\/sites\/13\/2023\/09\/Image3.jpg 602w, https:\/\/catholiques17.fr\/saintbernardenaunis\/wp-content\/uploads\/sites\/13\/2023\/09\/Image3-480x638.jpg 480w\" sizes=\"(min-width: 0px) and (max-width: 480px) 480px, (min-width: 481px) 602px, 100vw\" \/><\/figure>\n\n\n\n<p>A la fin de la messe, le P\u00e8re Alphonse a b\u00e9ni les cartables apport\u00e9s par les enfants et tout le monde a partag\u00e9 le verre de l&rsquo;amiti\u00e9 sur le place de l&rsquo;\u00e9glise \u00e0 l&rsquo;issue de la c\u00e9l\u00e9bration.<\/p>\n\n\n\n<figure class=\"wp-block-image size-full\"><img loading=\"lazy\" decoding=\"async\" width=\"602\" height=\"800\" src=\"https:\/\/catholiques17.fr\/saintbernardenaunis\/wp-content\/uploads\/sites\/13\/2023\/09\/Image1.jpg\" alt=\"\" class=\"wp-image-9133\" srcset=\"https:\/\/catholiques17.fr\/saintbernardenaunis\/wp-content\/uploads\/sites\/13\/2023\/09\/Image1.jpg 602w, https:\/\/catholiques17.fr\/saintbernardenaunis\/wp-content\/uploads\/sites\/13\/2023\/09\/Image1-480x638.jpg 480w\" sizes=\"(min-width: 0px) and (max-width: 480px) 480px, (min-width: 481px) 602px, 100vw\" \/><\/figure>\n","protected":false},"excerpt":{"rendered":"<p>Ce dimanche 17 septembre, \u00e0 l&rsquo;occasion du p\u00e8lerinage paroissial annuel \u00e0 Notre-Dame des sept douleurs, notre communaut\u00e9 faisait sa rentr\u00e9e pastorale. Avant la c\u00e9l\u00e9bration de la messe, l&rsquo;assembl\u00e9e a r\u00e9cit\u00e9 [&hellip;]<\/p>\n","protected":false},"author":18,"featured_media":9137,"comment_status":"open","ping_status":"open","sticky":false,"template":"","format":"standard","meta":{"_et_pb_use_builder":"off","_et_pb_old_content":"","_et_gb_content_width":"","footnotes":""},"categories":[6],"tags":[],"class_list":["post-9129","post","type-post","status-publish","format-standard","has-post-thumbnail","hentry","category-actualite"],"_links":{"self":[{"href":"https:\/\/catholiques17.fr\/saintbernardenaunis\/wp-json\/wp\/v2\/posts\/9129","targetHints":{"allow":["GET"]}}],"collection":[{"href":"https:\/\/catholiques17.fr\/saintbernardenaunis\/wp-json\/wp\/v2\/posts"}],"about":[{"href":"https:\/\/catholiques17.fr\/saintbernardenaunis\/wp-json\/wp\/v2\/types\/post"}],"author":[{"embeddable":true,"href":"https:\/\/catholiques17.fr\/saintbernardenaunis\/wp-json\/wp\/v2\/users\/18"}],"replies":[{"embeddable":true,"href":"https:\/\/catholiques17.fr\/saintbernardenaunis\/wp-json\/wp\/v2\/comments?post=9129"}],"version-history":[{"count":6,"href":"https:\/\/catholiques17.fr\/saintbernardenaunis\/wp-json\/wp\/v2\/posts\/9129\/revisions"}],"predecessor-version":[{"id":9143,"href":"https:\/\/catholiques17.fr\/saintbernardenaunis\/wp-json\/wp\/v2\/posts\/9129\/revisions\/9143"}],"wp:featuredmedia":[{"embeddable":true,"href":"https:\/\/catholiques17.fr\/saintbernardenaunis\/wp-json\/wp\/v2\/media\/9137"}],"wp:attachment":[{"href":"https:\/\/catholiques17.fr\/saintbernardenaunis\/wp-json\/wp\/v2\/media?parent=9129"}],"wp:term":[{"taxonomy":"category","embeddable":true,"href":"https:\/\/catholiques17.fr\/saintbernardenaunis\/wp-json\/wp\/v2\/categories?post=9129"},{"taxonomy":"post_tag","embeddable":true,"href":"https:\/\/catholiques17.fr\/saintbernardenaunis\/wp-json\/wp\/v2\/tags?post=9129"}],"curies":[{"name":"wp","href":"https:\/\/api.w.org\/{rel}","templated":true}]}}