{"id":9032,"date":"2023-09-08T04:38:01","date_gmt":"2023-09-08T02:38:01","guid":{"rendered":"https:\/\/catholiques17.fr\/saintbernardenaunis\/?p=9032"},"modified":"2023-09-08T04:49:27","modified_gmt":"2023-09-08T02:49:27","slug":"redistribution-des-benefices-de-la-soiree-indienne","status":"publish","type":"post","link":"https:\/\/catholiques17.fr\/saintbernardenaunis\/2023\/09\/08\/redistribution-des-benefices-de-la-soiree-indienne\/","title":{"rendered":"Redistribution des b\u00e9n\u00e9fices de la soir\u00e9e indienne"},"content":{"rendered":"\n<p><\/p>\n\n\n\n<p>La soir\u00e9e indienne organis\u00e9e par le P\u00e8re Alphonse a permis de r\u00e9colter la somme de 2&nbsp;290 euros soit un b\u00e9n\u00e9fice net de 1&nbsp;560 euros, une fois d\u00e9duites les d\u00e9penses engag\u00e9es.<\/p>\n\n\n\n<p>Merci encore pour votre g\u00e9n\u00e9rosit\u00e9 et ce beau moment de partage. <\/p>\n\n\n\n<p>Le Conseil \u00e9conomique a d\u00e9cid\u00e9 de r\u00e9partir ce gain en 3 parts \u00e9gales de 500 \u20ac \u00e0 savoir au b\u00e9n\u00e9fice du fonctionnement de la paroisse (500 \u20ac), du collectif pour les sinistr\u00e9s de la Laigne et des village alentours (500 \u20ac) et enfin, pour l\u2019association li\u00e9e \u00e0 la mairie de La Laigne (500 \u20ac). Ce partage est un geste de solidarit\u00e9 de notre communaut\u00e9 aupr\u00e8s des sinistr\u00e9s de l\u2019ensemble des communes touch\u00e9es sur notre territoire.<\/p>\n\n\n\n<p>Par ailleurs et pour information, une op\u00e9ration \u00ab\u00a0<strong>SOS, sauvons nos \u00e9glises\u00a0\u00bb <\/strong>a \u00e9t\u00e9 lanc\u00e9e par la fondation du patrimoine. Il s\u2019agit d\u2019un appel aux dons pour aider les communes touch\u00e9es par le s\u00e9isme dans leurs investissements pour la r\u00e9paration des \u00e9glises&nbsp;(appel aux dons aupr\u00e8s des particuliers et des entreprises). La Fondation a r\u00e9alis\u00e9 des estimations allant de 50&nbsp;000&nbsp;\u00e0 100&nbsp;000&nbsp;euros par site, \u00ab&nbsp;pour la seule mise en s\u00e9curit\u00e9 des \u00e9glises&nbsp;\u00bb. L\u2019objectif de don est pour l\u2019instant fix\u00e9 \u00e0 750&nbsp;000&nbsp;euros. Le don final sera partag\u00e9 proportionnellement aux besoins des communes, en enlevant les subventions et les assurances. Les dix communes signataires de la convention sont Cram-Chaban, Cour\u00e7on, La Laigne, La Ronde, Saint-Sauveur d\u2019Aunis, Le Gu\u00e9-d\u2019Aller\u00e9, Saint-Ouen-d\u2019Aunis, Ar\u00e7ais (79), Mauz\u00e9-sur-le-Mignon (79) et Saint-Hilaire-la-Palud (79).<\/p>\n\n\n\n<figure class=\"wp-block-embed\"><div class=\"wp-block-embed__wrapper\">\nhttps:\/\/www.fondation-patrimoine.org\/les-projets\/sos-seisme-sauvons-nos-eglises\n<\/div><\/figure>\n\n\n\n<figure class=\"wp-block-image size-full is-resized\"><img loading=\"lazy\" decoding=\"async\" src=\"https:\/\/catholiques17.fr\/saintbernardenaunis\/wp-content\/uploads\/sites\/13\/2023\/09\/1.png\" alt=\"\" class=\"wp-image-9036\" width=\"800\" height=\"559\" srcset=\"https:\/\/catholiques17.fr\/saintbernardenaunis\/wp-content\/uploads\/sites\/13\/2023\/09\/1.png 800w, https:\/\/catholiques17.fr\/saintbernardenaunis\/wp-content\/uploads\/sites\/13\/2023\/09\/1-480x335.png 480w\" sizes=\"(min-width: 0px) and (max-width: 480px) 480px, (min-width: 481px) 800px, 100vw\" \/><\/figure>\n\n\n\n<figure class=\"wp-block-image size-full\"><img loading=\"lazy\" decoding=\"async\" width=\"800\" height=\"567\" src=\"https:\/\/catholiques17.fr\/saintbernardenaunis\/wp-content\/uploads\/sites\/13\/2023\/09\/2.png\" alt=\"\" class=\"wp-image-9037\" srcset=\"https:\/\/catholiques17.fr\/saintbernardenaunis\/wp-content\/uploads\/sites\/13\/2023\/09\/2.png 800w, https:\/\/catholiques17.fr\/saintbernardenaunis\/wp-content\/uploads\/sites\/13\/2023\/09\/2-480x340.png 480w\" sizes=\"(min-width: 0px) and (max-width: 480px) 480px, (min-width: 481px) 800px, 100vw\" \/><\/figure>\n","protected":false},"excerpt":{"rendered":"<p>La soir\u00e9e indienne organis\u00e9e par le P\u00e8re Alphonse a permis de r\u00e9colter la somme de 2&nbsp;290 euros soit un b\u00e9n\u00e9fice net de 1&nbsp;560 euros, une fois d\u00e9duites les d\u00e9penses engag\u00e9es. [&hellip;]<\/p>\n","protected":false},"author":18,"featured_media":8789,"comment_status":"open","ping_status":"open","sticky":false,"template":"","format":"standard","meta":{"_et_pb_use_builder":"off","_et_pb_old_content":"","_et_gb_content_width":"","footnotes":""},"categories":[6],"tags":[],"class_list":["post-9032","post","type-post","status-publish","format-standard","has-post-thumbnail","hentry","category-actualite"],"_links":{"self":[{"href":"https:\/\/catholiques17.fr\/saintbernardenaunis\/wp-json\/wp\/v2\/posts\/9032","targetHints":{"allow":["GET"]}}],"collection":[{"href":"https:\/\/catholiques17.fr\/saintbernardenaunis\/wp-json\/wp\/v2\/posts"}],"about":[{"href":"https:\/\/catholiques17.fr\/saintbernardenaunis\/wp-json\/wp\/v2\/types\/post"}],"author":[{"embeddable":true,"href":"https:\/\/catholiques17.fr\/saintbernardenaunis\/wp-json\/wp\/v2\/users\/18"}],"replies":[{"embeddable":true,"href":"https:\/\/catholiques17.fr\/saintbernardenaunis\/wp-json\/wp\/v2\/comments?post=9032"}],"version-history":[{"count":2,"href":"https:\/\/catholiques17.fr\/saintbernardenaunis\/wp-json\/wp\/v2\/posts\/9032\/revisions"}],"predecessor-version":[{"id":9038,"href":"https:\/\/catholiques17.fr\/saintbernardenaunis\/wp-json\/wp\/v2\/posts\/9032\/revisions\/9038"}],"wp:featuredmedia":[{"embeddable":true,"href":"https:\/\/catholiques17.fr\/saintbernardenaunis\/wp-json\/wp\/v2\/media\/8789"}],"wp:attachment":[{"href":"https:\/\/catholiques17.fr\/saintbernardenaunis\/wp-json\/wp\/v2\/media?parent=9032"}],"wp:term":[{"taxonomy":"category","embeddable":true,"href":"https:\/\/catholiques17.fr\/saintbernardenaunis\/wp-json\/wp\/v2\/categories?post=9032"},{"taxonomy":"post_tag","embeddable":true,"href":"https:\/\/catholiques17.fr\/saintbernardenaunis\/wp-json\/wp\/v2\/tags?post=9032"}],"curies":[{"name":"wp","href":"https:\/\/api.w.org\/{rel}","templated":true}]}}