{"id":8925,"date":"2023-08-17T21:02:04","date_gmt":"2023-08-17T19:02:04","guid":{"rendered":"https:\/\/catholiques17.fr\/saintbernardenaunis\/?p=8925"},"modified":"2023-08-17T21:04:33","modified_gmt":"2023-08-17T19:04:33","slug":"pele-vtt-17-etape-a-bouhet","status":"publish","type":"post","link":"https:\/\/catholiques17.fr\/saintbernardenaunis\/2023\/08\/17\/pele-vtt-17-etape-a-bouhet\/","title":{"rendered":"P\u00e9l\u00e9 VTT 17 : \u00e9tape \u00e0 Bouhet"},"content":{"rendered":"\n<p>Mardi 15 ao\u00fbt, les \u00e9quipes sont parties vers le nord de l\u2019Aunis, direction St Jean de Liversay, sous un petit crachin (voire des averses un peu plus s\u00e9rieuses\u2026). En cette solennit\u00e9 de l\u2019Assomption de la Vierge Marie, l\u2019ensemble du camp s\u2019est retrouv\u00e9 \u00e0 Bouhet pour c\u00e9l\u00e9brer la messe avant la pause d\u00e9jeuner, toujours autant attendue ! La seconde partie du trajet s\u2019est fait sous un franc soleil et m\u00eame une certaine chaleur ! Les \u00e9quipes sont arriv\u00e9es sur le nouveau lieu de camp, tout juste termin\u00e9 d\u2019\u00eatre mont\u00e9. Chacun a pu profiter d\u2019une douche (chaude\u2026! le grand confort de notre pel\u00e9 VTT), d\u2019un peu de repos et d\u2019un copieux repas avant de vivre une veill\u00e9e anim\u00e9e par nos courageux staffs, dont l\u2019\u00e9nergie n\u2019est jamais alt\u00e9r\u00e9e !<\/p>\n\n\n\n<p>H\u00e9 oui, le staff des lyc\u00e9ens installe les camps chaque jour pendant que les coll\u00e9giens p\u00e9dalent; les b\u00e9n\u00e9voles cuisinent et de jeunes \u00e9tudiantes infirmi\u00e8res assurent pour les petits bobos de la journ\u00e9e. Douche et WC sont install\u00e9s chaque jour !<\/p>\n\n\n\n<p>Un grand remerciement \u00e0 la paroisse St Bernard en Aunis pour son accueil, ainsi qu&rsquo;\u00e0 la municipalit\u00e9 de Bouhet qui a pr\u00e9par\u00e9 la venue du p\u00e9l\u00e9 VTT 17 avec soin !<\/p>\n\n\n\n<figure class=\"wp-block-gallery has-nested-images columns-default is-cropped wp-block-gallery-1 is-layout-flex wp-block-gallery-is-layout-flex\">\n<figure class=\"wp-block-image size-large\"><img loading=\"lazy\" decoding=\"async\" width=\"600\" height=\"800\" data-id=\"8931\" src=\"https:\/\/catholiques17.fr\/saintbernardenaunis\/wp-content\/uploads\/sites\/13\/2023\/08\/IMG-20230816-WA0000.jpg\" alt=\"\" class=\"wp-image-8931\" srcset=\"https:\/\/catholiques17.fr\/saintbernardenaunis\/wp-content\/uploads\/sites\/13\/2023\/08\/IMG-20230816-WA0000.jpg 600w, https:\/\/catholiques17.fr\/saintbernardenaunis\/wp-content\/uploads\/sites\/13\/2023\/08\/IMG-20230816-WA0000-480x640.jpg 480w\" sizes=\"(min-width: 0px) and (max-width: 480px) 480px, (min-width: 481px) 600px, 100vw\" \/><\/figure>\n\n\n\n<figure class=\"wp-block-image size-large\"><img loading=\"lazy\" decoding=\"async\" width=\"600\" height=\"800\" data-id=\"8932\" src=\"https:\/\/catholiques17.fr\/saintbernardenaunis\/wp-content\/uploads\/sites\/13\/2023\/08\/IMG-20230816-WA0001.jpg\" alt=\"\" class=\"wp-image-8932\" srcset=\"https:\/\/catholiques17.fr\/saintbernardenaunis\/wp-content\/uploads\/sites\/13\/2023\/08\/IMG-20230816-WA0001.jpg 600w, https:\/\/catholiques17.fr\/saintbernardenaunis\/wp-content\/uploads\/sites\/13\/2023\/08\/IMG-20230816-WA0001-480x640.jpg 480w\" sizes=\"(min-width: 0px) and (max-width: 480px) 480px, (min-width: 481px) 600px, 100vw\" \/><\/figure>\n\n\n\n<figure class=\"wp-block-image size-large\"><img loading=\"lazy\" decoding=\"async\" width=\"600\" height=\"800\" data-id=\"8933\" src=\"https:\/\/catholiques17.fr\/saintbernardenaunis\/wp-content\/uploads\/sites\/13\/2023\/08\/IMG-20230816-WA0003.jpg\" alt=\"\" class=\"wp-image-8933\" srcset=\"https:\/\/catholiques17.fr\/saintbernardenaunis\/wp-content\/uploads\/sites\/13\/2023\/08\/IMG-20230816-WA0003.jpg 600w, https:\/\/catholiques17.fr\/saintbernardenaunis\/wp-content\/uploads\/sites\/13\/2023\/08\/IMG-20230816-WA0003-480x640.jpg 480w\" sizes=\"(min-width: 0px) and (max-width: 480px) 480px, (min-width: 481px) 600px, 100vw\" \/><\/figure>\n\n\n\n<figure class=\"wp-block-image size-large\"><img loading=\"lazy\" decoding=\"async\" width=\"600\" height=\"800\" data-id=\"8929\" src=\"https:\/\/catholiques17.fr\/saintbernardenaunis\/wp-content\/uploads\/sites\/13\/2023\/08\/IMG-20230816-WA0004.jpg\" alt=\"\" class=\"wp-image-8929\" srcset=\"https:\/\/catholiques17.fr\/saintbernardenaunis\/wp-content\/uploads\/sites\/13\/2023\/08\/IMG-20230816-WA0004.jpg 600w, https:\/\/catholiques17.fr\/saintbernardenaunis\/wp-content\/uploads\/sites\/13\/2023\/08\/IMG-20230816-WA0004-480x640.jpg 480w\" sizes=\"(min-width: 0px) and (max-width: 480px) 480px, (min-width: 481px) 600px, 100vw\" \/><\/figure>\n\n\n\n<figure class=\"wp-block-image size-large\"><img loading=\"lazy\" decoding=\"async\" width=\"800\" height=\"600\" data-id=\"8930\" src=\"https:\/\/catholiques17.fr\/saintbernardenaunis\/wp-content\/uploads\/sites\/13\/2023\/08\/IMG-20230816-WA0005.jpg\" alt=\"\" class=\"wp-image-8930\" srcset=\"https:\/\/catholiques17.fr\/saintbernardenaunis\/wp-content\/uploads\/sites\/13\/2023\/08\/IMG-20230816-WA0005.jpg 800w, https:\/\/catholiques17.fr\/saintbernardenaunis\/wp-content\/uploads\/sites\/13\/2023\/08\/IMG-20230816-WA0005-480x360.jpg 480w\" sizes=\"(min-width: 0px) and (max-width: 480px) 480px, (min-width: 481px) 800px, 100vw\" \/><\/figure>\n<\/figure>\n","protected":false},"excerpt":{"rendered":"<p>Mardi 15 ao\u00fbt, les \u00e9quipes sont parties vers le nord de l\u2019Aunis, direction St Jean de Liversay, sous un petit crachin (voire des averses un peu plus s\u00e9rieuses\u2026). En cette [&hellip;]<\/p>\n","protected":false},"author":18,"featured_media":8927,"comment_status":"open","ping_status":"open","sticky":false,"template":"","format":"standard","meta":{"_et_pb_use_builder":"off","_et_pb_old_content":"","_et_gb_content_width":"","footnotes":""},"categories":[6],"tags":[],"class_list":["post-8925","post","type-post","status-publish","format-standard","has-post-thumbnail","hentry","category-actualite"],"_links":{"self":[{"href":"https:\/\/catholiques17.fr\/saintbernardenaunis\/wp-json\/wp\/v2\/posts\/8925","targetHints":{"allow":["GET"]}}],"collection":[{"href":"https:\/\/catholiques17.fr\/saintbernardenaunis\/wp-json\/wp\/v2\/posts"}],"about":[{"href":"https:\/\/catholiques17.fr\/saintbernardenaunis\/wp-json\/wp\/v2\/types\/post"}],"author":[{"embeddable":true,"href":"https:\/\/catholiques17.fr\/saintbernardenaunis\/wp-json\/wp\/v2\/users\/18"}],"replies":[{"embeddable":true,"href":"https:\/\/catholiques17.fr\/saintbernardenaunis\/wp-json\/wp\/v2\/comments?post=8925"}],"version-history":[{"count":3,"href":"https:\/\/catholiques17.fr\/saintbernardenaunis\/wp-json\/wp\/v2\/posts\/8925\/revisions"}],"predecessor-version":[{"id":8936,"href":"https:\/\/catholiques17.fr\/saintbernardenaunis\/wp-json\/wp\/v2\/posts\/8925\/revisions\/8936"}],"wp:featuredmedia":[{"embeddable":true,"href":"https:\/\/catholiques17.fr\/saintbernardenaunis\/wp-json\/wp\/v2\/media\/8927"}],"wp:attachment":[{"href":"https:\/\/catholiques17.fr\/saintbernardenaunis\/wp-json\/wp\/v2\/media?parent=8925"}],"wp:term":[{"taxonomy":"category","embeddable":true,"href":"https:\/\/catholiques17.fr\/saintbernardenaunis\/wp-json\/wp\/v2\/categories?post=8925"},{"taxonomy":"post_tag","embeddable":true,"href":"https:\/\/catholiques17.fr\/saintbernardenaunis\/wp-json\/wp\/v2\/tags?post=8925"}],"curies":[{"name":"wp","href":"https:\/\/api.w.org\/{rel}","templated":true}]}}