{"id":8858,"date":"2023-07-16T16:00:09","date_gmt":"2023-07-16T14:00:09","guid":{"rendered":"https:\/\/catholiques17.fr\/saintbernardenaunis\/?p=8858"},"modified":"2023-07-16T16:01:25","modified_gmt":"2023-07-16T14:01:25","slug":"bapteme-et-1ere-communion-de-joakim","status":"publish","type":"post","link":"https:\/\/catholiques17.fr\/saintbernardenaunis\/2023\/07\/16\/bapteme-et-1ere-communion-de-joakim\/","title":{"rendered":"Bapt\u00eame et 1\u00e8re communion de Joakim"},"content":{"rendered":"\n<p>Ce dimanche 16 juillet, toute la communaut\u00e9 r\u00e9unie \u00e0 l&rsquo;occasion de la messe dominicale \u00e0 Saint Jean de Liversay a accueilli le P\u00e8re R\u00e9my SARAN du dioc\u00e8se de Belfort &#8211; Montb\u00e9liard, en visite chez nous. <\/p>\n\n\n\n<p>Lors de la c\u00e9l\u00e9bration, Joakim qui a pass\u00e9 plus d&rsquo;un an dans notre paroisse en tant que servant d&rsquo;autel et qui est parti l&rsquo;\u00e9t\u00e9 dernier rejoindre son p\u00e8re au S\u00e9n\u00e9gal, a re\u00e7u les sacrements du bapt\u00eame et de l&rsquo;eucharistie et a fait sa profession de Foi. Il est d\u00e9sormais en route vers la confirmation.<\/p>\n\n\n\n<p><\/p>\n\n\n\n<figure class=\"wp-block-gallery has-nested-images columns-default is-cropped wp-block-gallery-1 is-layout-flex wp-block-gallery-is-layout-flex\">\n<figure class=\"wp-block-image size-large\"><img loading=\"lazy\" decoding=\"async\" width=\"369\" height=\"800\" data-id=\"8873\" src=\"https:\/\/catholiques17.fr\/saintbernardenaunis\/wp-content\/uploads\/sites\/13\/2023\/07\/12-4.jpg\" alt=\"\" class=\"wp-image-8873\" srcset=\"https:\/\/catholiques17.fr\/saintbernardenaunis\/wp-content\/uploads\/sites\/13\/2023\/07\/12-4.jpg 369w, https:\/\/catholiques17.fr\/saintbernardenaunis\/wp-content\/uploads\/sites\/13\/2023\/07\/12-4-138x300.jpg 138w\" sizes=\"(max-width: 369px) 100vw, 369px\" \/><\/figure>\n\n\n\n<figure class=\"wp-block-image size-large\"><img loading=\"lazy\" decoding=\"async\" width=\"369\" height=\"800\" data-id=\"8871\" src=\"https:\/\/catholiques17.fr\/saintbernardenaunis\/wp-content\/uploads\/sites\/13\/2023\/07\/13-3.jpg\" alt=\"\" class=\"wp-image-8871\" srcset=\"https:\/\/catholiques17.fr\/saintbernardenaunis\/wp-content\/uploads\/sites\/13\/2023\/07\/13-3.jpg 369w, https:\/\/catholiques17.fr\/saintbernardenaunis\/wp-content\/uploads\/sites\/13\/2023\/07\/13-3-138x300.jpg 138w\" sizes=\"(max-width: 369px) 100vw, 369px\" \/><\/figure>\n\n\n\n<figure class=\"wp-block-image size-large\"><img loading=\"lazy\" decoding=\"async\" width=\"369\" height=\"800\" data-id=\"8872\" src=\"https:\/\/catholiques17.fr\/saintbernardenaunis\/wp-content\/uploads\/sites\/13\/2023\/07\/15-2.jpg\" alt=\"\" class=\"wp-image-8872\" srcset=\"https:\/\/catholiques17.fr\/saintbernardenaunis\/wp-content\/uploads\/sites\/13\/2023\/07\/15-2.jpg 369w, https:\/\/catholiques17.fr\/saintbernardenaunis\/wp-content\/uploads\/sites\/13\/2023\/07\/15-2-138x300.jpg 138w\" sizes=\"(max-width: 369px) 100vw, 369px\" \/><\/figure>\n\n\n\n<figure class=\"wp-block-image size-large\"><img loading=\"lazy\" decoding=\"async\" width=\"369\" height=\"800\" data-id=\"8874\" src=\"https:\/\/catholiques17.fr\/saintbernardenaunis\/wp-content\/uploads\/sites\/13\/2023\/07\/16-2.jpg\" alt=\"\" class=\"wp-image-8874\" srcset=\"https:\/\/catholiques17.fr\/saintbernardenaunis\/wp-content\/uploads\/sites\/13\/2023\/07\/16-2.jpg 369w, https:\/\/catholiques17.fr\/saintbernardenaunis\/wp-content\/uploads\/sites\/13\/2023\/07\/16-2-138x300.jpg 138w\" sizes=\"(max-width: 369px) 100vw, 369px\" \/><\/figure>\n\n\n\n<figure class=\"wp-block-image size-large\"><img loading=\"lazy\" decoding=\"async\" width=\"369\" height=\"800\" data-id=\"8875\" src=\"https:\/\/catholiques17.fr\/saintbernardenaunis\/wp-content\/uploads\/sites\/13\/2023\/07\/17-2.jpg\" alt=\"\" class=\"wp-image-8875\" srcset=\"https:\/\/catholiques17.fr\/saintbernardenaunis\/wp-content\/uploads\/sites\/13\/2023\/07\/17-2.jpg 369w, https:\/\/catholiques17.fr\/saintbernardenaunis\/wp-content\/uploads\/sites\/13\/2023\/07\/17-2-138x300.jpg 138w\" sizes=\"(max-width: 369px) 100vw, 369px\" \/><\/figure>\n<\/figure>\n\n\n\n<p>Entour\u00e9 de sa famille et notamment de sa s\u0153ur et de son fr\u00e8re, de Florence sa grand-m\u00e8re, membre de l&rsquo;\u00e9quipe pastorale, de son parrain Daniel, de ses proches, du P\u00e8re Alphonse et de toute la communaut\u00e9, Joakim \u00e9tait heureux de partager ce grand moment de l&rsquo;entr\u00e9e dans la grande famille des chr\u00e9tiens au sein de la paroisse Saint Bernard en Aunis qui l&rsquo;a accueilli.<\/p>\n\n\n\n<figure class=\"wp-block-image size-full\"><img loading=\"lazy\" decoding=\"async\" width=\"800\" height=\"369\" src=\"https:\/\/catholiques17.fr\/saintbernardenaunis\/wp-content\/uploads\/sites\/13\/2023\/07\/18-4.jpg\" alt=\"\" class=\"wp-image-8879\" srcset=\"https:\/\/catholiques17.fr\/saintbernardenaunis\/wp-content\/uploads\/sites\/13\/2023\/07\/18-4.jpg 800w, https:\/\/catholiques17.fr\/saintbernardenaunis\/wp-content\/uploads\/sites\/13\/2023\/07\/18-4-480x221.jpg 480w\" sizes=\"(min-width: 0px) and (max-width: 480px) 480px, (min-width: 481px) 800px, 100vw\" \/><\/figure>\n\n\n\n<figure class=\"wp-block-gallery has-nested-images columns-default is-cropped wp-block-gallery-2 is-layout-flex wp-block-gallery-is-layout-flex\">\n<figure class=\"wp-block-image size-large\"><img loading=\"lazy\" decoding=\"async\" width=\"369\" height=\"800\" data-id=\"8880\" src=\"https:\/\/catholiques17.fr\/saintbernardenaunis\/wp-content\/uploads\/sites\/13\/2023\/07\/19-3.jpg\" alt=\"\" class=\"wp-image-8880\" srcset=\"https:\/\/catholiques17.fr\/saintbernardenaunis\/wp-content\/uploads\/sites\/13\/2023\/07\/19-3.jpg 369w, https:\/\/catholiques17.fr\/saintbernardenaunis\/wp-content\/uploads\/sites\/13\/2023\/07\/19-3-138x300.jpg 138w\" sizes=\"(max-width: 369px) 100vw, 369px\" \/><\/figure>\n\n\n\n<figure class=\"wp-block-image size-large\"><img loading=\"lazy\" decoding=\"async\" width=\"369\" height=\"800\" data-id=\"8881\" src=\"https:\/\/catholiques17.fr\/saintbernardenaunis\/wp-content\/uploads\/sites\/13\/2023\/07\/20-3.jpg\" alt=\"\" class=\"wp-image-8881\" srcset=\"https:\/\/catholiques17.fr\/saintbernardenaunis\/wp-content\/uploads\/sites\/13\/2023\/07\/20-3.jpg 369w, https:\/\/catholiques17.fr\/saintbernardenaunis\/wp-content\/uploads\/sites\/13\/2023\/07\/20-3-138x300.jpg 138w\" sizes=\"(max-width: 369px) 100vw, 369px\" \/><\/figure>\n<\/figure>\n\n\n\n<p><\/p>\n\n\n\n<p>La semence a germ\u00e9, qu&rsquo;elle continue de porter de beaux fruits. Nous souhaitons une belle route \u00e0 Joakim.<\/p>\n","protected":false},"excerpt":{"rendered":"<p>Ce dimanche 16 juillet, toute la communaut\u00e9 r\u00e9unie \u00e0 l&rsquo;occasion de la messe dominicale \u00e0 Saint Jean de Liversay a accueilli le P\u00e8re R\u00e9my SARAN du dioc\u00e8se de Belfort &#8211; [&hellip;]<\/p>\n","protected":false},"author":18,"featured_media":8860,"comment_status":"open","ping_status":"open","sticky":false,"template":"","format":"standard","meta":{"_et_pb_use_builder":"off","_et_pb_old_content":"","_et_gb_content_width":"","footnotes":""},"categories":[6],"tags":[],"class_list":["post-8858","post","type-post","status-publish","format-standard","has-post-thumbnail","hentry","category-actualite"],"_links":{"self":[{"href":"https:\/\/catholiques17.fr\/saintbernardenaunis\/wp-json\/wp\/v2\/posts\/8858","targetHints":{"allow":["GET"]}}],"collection":[{"href":"https:\/\/catholiques17.fr\/saintbernardenaunis\/wp-json\/wp\/v2\/posts"}],"about":[{"href":"https:\/\/catholiques17.fr\/saintbernardenaunis\/wp-json\/wp\/v2\/types\/post"}],"author":[{"embeddable":true,"href":"https:\/\/catholiques17.fr\/saintbernardenaunis\/wp-json\/wp\/v2\/users\/18"}],"replies":[{"embeddable":true,"href":"https:\/\/catholiques17.fr\/saintbernardenaunis\/wp-json\/wp\/v2\/comments?post=8858"}],"version-history":[{"count":2,"href":"https:\/\/catholiques17.fr\/saintbernardenaunis\/wp-json\/wp\/v2\/posts\/8858\/revisions"}],"predecessor-version":[{"id":8883,"href":"https:\/\/catholiques17.fr\/saintbernardenaunis\/wp-json\/wp\/v2\/posts\/8858\/revisions\/8883"}],"wp:featuredmedia":[{"embeddable":true,"href":"https:\/\/catholiques17.fr\/saintbernardenaunis\/wp-json\/wp\/v2\/media\/8860"}],"wp:attachment":[{"href":"https:\/\/catholiques17.fr\/saintbernardenaunis\/wp-json\/wp\/v2\/media?parent=8858"}],"wp:term":[{"taxonomy":"category","embeddable":true,"href":"https:\/\/catholiques17.fr\/saintbernardenaunis\/wp-json\/wp\/v2\/categories?post=8858"},{"taxonomy":"post_tag","embeddable":true,"href":"https:\/\/catholiques17.fr\/saintbernardenaunis\/wp-json\/wp\/v2\/tags?post=8858"}],"curies":[{"name":"wp","href":"https:\/\/api.w.org\/{rel}","templated":true}]}}