{"id":8728,"date":"2023-06-25T16:11:46","date_gmt":"2023-06-25T14:11:46","guid":{"rendered":"https:\/\/catholiques17.fr\/saintbernardenaunis\/?p=8728"},"modified":"2023-06-25T16:11:49","modified_gmt":"2023-06-25T14:11:49","slug":"info-diocese","status":"publish","type":"post","link":"https:\/\/catholiques17.fr\/saintbernardenaunis\/2023\/06\/25\/info-diocese\/","title":{"rendered":"Info dioc\u00e8se"},"content":{"rendered":"\n<p><strong>Mgr Fran\u00e7ois Jacolin est nomm\u00e9 Administrateur Apostolique du dioc\u00e8se de La Rochelle<\/strong><\/p>\n\n\n\n<p>Le pape Fran\u00e7ois a nomm\u00e9 ce jeudi 22 juin 2023, Mgr Fran\u00e7ois Jacolin, \u00e9v\u00eaque de Lu\u00e7on (Vend\u00e9e), administrateur apostolique\u00a0sede plena\u00a0du dioc\u00e8se de La Rochelle. <\/p>\n\n\n\n<p>Mgr Georges Colomb, qui demeure \u00e9v\u00eaque de La Rochelle et Saintes, est temporairement d\u00e9charg\u00e9 du gouvernement pastoral du dioc\u00e8se. <\/p>\n\n\n\n<p>Mgr Fran\u00e7ois Jacolin continue d\u2019exercer sa mission d\u2019\u00e9v\u00eaque de Lu\u00e7on.<\/p>\n","protected":false},"excerpt":{"rendered":"<p>Mgr Fran\u00e7ois Jacolin est nomm\u00e9 Administrateur Apostolique du dioc\u00e8se de La Rochelle Le pape Fran\u00e7ois a nomm\u00e9 ce jeudi 22 juin 2023, Mgr Fran\u00e7ois Jacolin, \u00e9v\u00eaque de Lu\u00e7on (Vend\u00e9e), administrateur [&hellip;]<\/p>\n","protected":false},"author":18,"featured_media":8729,"comment_status":"open","ping_status":"open","sticky":false,"template":"","format":"standard","meta":{"_et_pb_use_builder":"off","_et_pb_old_content":"","_et_gb_content_width":"","footnotes":""},"categories":[6],"tags":[],"class_list":["post-8728","post","type-post","status-publish","format-standard","has-post-thumbnail","hentry","category-actualite"],"_links":{"self":[{"href":"https:\/\/catholiques17.fr\/saintbernardenaunis\/wp-json\/wp\/v2\/posts\/8728","targetHints":{"allow":["GET"]}}],"collection":[{"href":"https:\/\/catholiques17.fr\/saintbernardenaunis\/wp-json\/wp\/v2\/posts"}],"about":[{"href":"https:\/\/catholiques17.fr\/saintbernardenaunis\/wp-json\/wp\/v2\/types\/post"}],"author":[{"embeddable":true,"href":"https:\/\/catholiques17.fr\/saintbernardenaunis\/wp-json\/wp\/v2\/users\/18"}],"replies":[{"embeddable":true,"href":"https:\/\/catholiques17.fr\/saintbernardenaunis\/wp-json\/wp\/v2\/comments?post=8728"}],"version-history":[{"count":1,"href":"https:\/\/catholiques17.fr\/saintbernardenaunis\/wp-json\/wp\/v2\/posts\/8728\/revisions"}],"predecessor-version":[{"id":8730,"href":"https:\/\/catholiques17.fr\/saintbernardenaunis\/wp-json\/wp\/v2\/posts\/8728\/revisions\/8730"}],"wp:featuredmedia":[{"embeddable":true,"href":"https:\/\/catholiques17.fr\/saintbernardenaunis\/wp-json\/wp\/v2\/media\/8729"}],"wp:attachment":[{"href":"https:\/\/catholiques17.fr\/saintbernardenaunis\/wp-json\/wp\/v2\/media?parent=8728"}],"wp:term":[{"taxonomy":"category","embeddable":true,"href":"https:\/\/catholiques17.fr\/saintbernardenaunis\/wp-json\/wp\/v2\/categories?post=8728"},{"taxonomy":"post_tag","embeddable":true,"href":"https:\/\/catholiques17.fr\/saintbernardenaunis\/wp-json\/wp\/v2\/tags?post=8728"}],"curies":[{"name":"wp","href":"https:\/\/api.w.org\/{rel}","templated":true}]}}