{"id":8713,"date":"2023-06-24T22:03:30","date_gmt":"2023-06-24T20:03:30","guid":{"rendered":"https:\/\/catholiques17.fr\/saintbernardenaunis\/?p=8713"},"modified":"2023-06-27T12:01:21","modified_gmt":"2023-06-27T10:01:21","slug":"les-enfants-du-cate-reunis-a-sablonceaux","status":"publish","type":"post","link":"https:\/\/catholiques17.fr\/saintbernardenaunis\/2023\/06\/24\/les-enfants-du-cate-reunis-a-sablonceaux\/","title":{"rendered":"Les enfants du cat\u00e9 r\u00e9unis \u00e0 Sablonceaux"},"content":{"rendered":"\n<p>Une magnifique journ\u00e9e sous un soleil radieux a r\u00e9uni les enfants du cat\u00e9 du dioc\u00e8se, samedi 17 juin, \u00e0 l&rsquo;abbaye de Sablonceaux.<\/p>\n\n\n\n<p>Tout au long de l&rsquo;ann\u00e9e, les groupes de cat\u00e9 de tout le dioc\u00e8se, en paroisse ou dans les \u00e9coles catholiques, se sont lanc\u00e9s dans diff\u00e9rents d\u00e9fis pour pr\u00e9parer au mieux ce tr\u00e8s beau moment d\u2019\u00c9glise !<\/p>\n\n\n\n<p>Une journ\u00e9e tr\u00e8s r\u00e9ussie gr\u00e2ce aux jeunes, aux \u00e9quipes cat\u00e9, aux familles et \u00e0 toutes celles et ceux qui ont contribu\u00e9 \u00e0 pr\u00e9parer, animer et participer \u00e0 cette journ\u00e9e de f\u00eate, de jeux et de pri\u00e8re en communion. V\u00e9ronique et Isabelle accompagn\u00e9es des enfants du cat\u00e9 repr\u00e9sentaient notre paroisse.<\/p>\n\n\n\n<p>Une vrai moment de gr\u00e2ce pour tous les participant(e)s.<\/p>\n\n\n\n<p><\/p>\n\n\n\n<figure class=\"wp-block-image aligncenter size-full\"><img loading=\"lazy\" decoding=\"async\" width=\"744\" height=\"558\" src=\"https:\/\/catholiques17.fr\/saintbernardenaunis\/wp-content\/uploads\/sites\/13\/2023\/06\/1.jpg\" alt=\"\" class=\"wp-image-8715\" srcset=\"https:\/\/catholiques17.fr\/saintbernardenaunis\/wp-content\/uploads\/sites\/13\/2023\/06\/1.jpg 744w, https:\/\/catholiques17.fr\/saintbernardenaunis\/wp-content\/uploads\/sites\/13\/2023\/06\/1-480x360.jpg 480w\" sizes=\"(min-width: 0px) and (max-width: 480px) 480px, (min-width: 481px) 744px, 100vw\" \/><\/figure>\n\n\n\n<div style=\"height:100px\" aria-hidden=\"true\" class=\"wp-block-spacer\"><\/div>\n","protected":false},"excerpt":{"rendered":"<p>Une magnifique journ\u00e9e sous un soleil radieux a r\u00e9uni les enfants du cat\u00e9 du dioc\u00e8se, samedi 17 juin, \u00e0 l&rsquo;abbaye de Sablonceaux. Tout au long de l&rsquo;ann\u00e9e, les groupes de [&hellip;]<\/p>\n","protected":false},"author":18,"featured_media":8714,"comment_status":"open","ping_status":"open","sticky":false,"template":"","format":"standard","meta":{"_et_pb_use_builder":"off","_et_pb_old_content":"<!-- wp:paragraph -->\n<p>Une magnifique journ\u00e9e sous un soleil radieux a r\u00e9uni les enfants du cat\u00e9 du dioc\u00e8se, samedi 17 juin, \u00e0 l'abbaye de Sablonceaux.<\/p>\n<!-- \/wp:paragraph -->\n\n<!-- wp:paragraph -->\n<p>Tout au long de l'ann\u00e9e, les groupes de cat\u00e9 de tout le dioc\u00e8se, en paroisse ou dans les \u00e9coles catholiques, se sont lanc\u00e9s dans diff\u00e9rents d\u00e9fis pour pr\u00e9parer au mieux ce tr\u00e8s beau moment d\u2019\u00c9glise !<\/p>\n<!-- \/wp:paragraph -->\n\n<!-- wp:paragraph -->\n<p>Une journ\u00e9e tr\u00e8s r\u00e9ussie gr\u00e2ce aux jeunes, aux \u00e9quipes cat\u00e9, aux familles et \u00e0 toutes celles et ceux qui ont contribu\u00e9 \u00e0 pr\u00e9parer, animer et participer \u00e0 cette journ\u00e9e de f\u00eate, de jeux et de pri\u00e8re en communion. V\u00e9ronique et Isabelle accompagn\u00e9es des enfants du cat\u00e9 repr\u00e9sentaient notre paroisse.<\/p>\n<!-- \/wp:paragraph -->\n\n<!-- wp:paragraph -->\n<p>Une vrai moment de gr\u00e2ce pour tous les participant(e)s.<\/p>\n<!-- \/wp:paragraph -->\n\n<!-- wp:image {\"id\":8715,\"sizeSlug\":\"full\",\"linkDestination\":\"none\"} -->\n<figure class=\"wp-block-image size-full\"><img src=\"https:\/\/catholiques17.fr\/saintbernardenaunis\/wp-content\/uploads\/sites\/13\/2023\/06\/1.jpg\" alt=\"\" class=\"wp-image-8715\" \/><\/figure>\n<!-- \/wp:image -->","_et_gb_content_width":"","footnotes":""},"categories":[6],"tags":[],"class_list":["post-8713","post","type-post","status-publish","format-standard","has-post-thumbnail","hentry","category-actualite"],"_links":{"self":[{"href":"https:\/\/catholiques17.fr\/saintbernardenaunis\/wp-json\/wp\/v2\/posts\/8713","targetHints":{"allow":["GET"]}}],"collection":[{"href":"https:\/\/catholiques17.fr\/saintbernardenaunis\/wp-json\/wp\/v2\/posts"}],"about":[{"href":"https:\/\/catholiques17.fr\/saintbernardenaunis\/wp-json\/wp\/v2\/types\/post"}],"author":[{"embeddable":true,"href":"https:\/\/catholiques17.fr\/saintbernardenaunis\/wp-json\/wp\/v2\/users\/18"}],"replies":[{"embeddable":true,"href":"https:\/\/catholiques17.fr\/saintbernardenaunis\/wp-json\/wp\/v2\/comments?post=8713"}],"version-history":[{"count":5,"href":"https:\/\/catholiques17.fr\/saintbernardenaunis\/wp-json\/wp\/v2\/posts\/8713\/revisions"}],"predecessor-version":[{"id":8734,"href":"https:\/\/catholiques17.fr\/saintbernardenaunis\/wp-json\/wp\/v2\/posts\/8713\/revisions\/8734"}],"wp:featuredmedia":[{"embeddable":true,"href":"https:\/\/catholiques17.fr\/saintbernardenaunis\/wp-json\/wp\/v2\/media\/8714"}],"wp:attachment":[{"href":"https:\/\/catholiques17.fr\/saintbernardenaunis\/wp-json\/wp\/v2\/media?parent=8713"}],"wp:term":[{"taxonomy":"category","embeddable":true,"href":"https:\/\/catholiques17.fr\/saintbernardenaunis\/wp-json\/wp\/v2\/categories?post=8713"},{"taxonomy":"post_tag","embeddable":true,"href":"https:\/\/catholiques17.fr\/saintbernardenaunis\/wp-json\/wp\/v2\/tags?post=8713"}],"curies":[{"name":"wp","href":"https:\/\/api.w.org\/{rel}","templated":true}]}}