{"id":8635,"date":"2023-06-11T08:14:50","date_gmt":"2023-06-11T06:14:50","guid":{"rendered":"https:\/\/catholiques17.fr\/saintbernardenaunis\/?p=8635"},"modified":"2023-06-25T16:13:32","modified_gmt":"2023-06-25T14:13:32","slug":"une-tres-belle-mission","status":"publish","type":"post","link":"https:\/\/catholiques17.fr\/saintbernardenaunis\/2023\/06\/11\/une-tres-belle-mission\/","title":{"rendered":"Une tr\u00e8s belle mission"},"content":{"rendered":"\n<p>Le P\u00e8re Alphonse s&rsquo;est absent\u00e9 du 22 mai au 26 juin. Il est parti visiter sa famille en Inde et a pris un repos bien m\u00e9rit\u00e9.<\/p>\n\n\n\n<p>Un grand\u00a0<strong>MERCI<\/strong>\u00a0au\u00a0<strong>P\u00e8re Laurent Chaumet, <\/strong>au<strong> P\u00e8re G\u00e9rard Boudaud<\/strong>\u00a0ainsi qu\u2019au <strong>P\u00e8re Gustavo<\/strong> <strong>Domenech <\/strong>pour leur venue dans notre paroisse durant cette p\u00e9riode pour la c\u00e9l\u00e9bration des messes dominicales ainsi qu\u2019\u00e0\u00a0<strong>Jean-Michel Le Goux<\/strong>, diacre, pour c\u00e9l\u00e9brer les bapt\u00eames mais \u00e9galement au p\u00e8re\u00a0<strong>Arputha Devaraj Arockiya Prabakar<\/strong>\u00a0qui a c\u00e9l\u00e9br\u00e9 la messe en m\u00e9moire des Soldats d\u2019Aunis Atlantique tomb\u00e9s lors de la guerre d\u2019Indochine (1946-1954) et au p\u00e8re\u00a0<strong>Pierre Loriaud<\/strong>\u00a0qui a assur\u00e9 les mariages.<\/p>\n\n\n\n<p>De tr\u00e8s belles hom\u00e9lies du P\u00e8re Chaumet qui nous a redonn\u00e9 le sens et fait vivre pleinement les solennit\u00e9s de la Sainte Trinit\u00e9 \u00e0 Cour\u00e7on et du Saint Sacrement (la f\u00eate de Dieu) \u00e0 Saint Sauveur d&rsquo;Aunis.<\/p>\n\n\n\n<p>Le P\u00e8re Arockiya a, quant \u00e0 lui, c\u00e9l\u00e9br\u00e9 la messe \u00e0 Taugon le jour anniversaire de son ordination; l&rsquo;occasion pour la communaut\u00e9 de rendre gr\u00e2ce en entonnant un chant \u00e0 la Vierge Marie \u00e0 la fin de la messe. Un beau moment de partage et de remerciement pour l&rsquo;engagement et la mission des pr\u00eatres indispensables \u00e0 nos communaut\u00e9s paroissiales.<\/p>\n\n\n\n<p>Enfin, merci au p\u00e8re G\u00e9rard qui a assur\u00e9 au pied lev\u00e9 la c\u00e9l\u00e9bration du dimanche 18 juin dans un contexte d\u2019urgence suite au s\u00e9isme qui a touch\u00e9 notre secteur.<\/p>\n\n\n\n<figure class=\"wp-block-image aligncenter size-full\"><img loading=\"lazy\" decoding=\"async\" width=\"800\" height=\"601\" src=\"https:\/\/catholiques17.fr\/saintbernardenaunis\/wp-content\/uploads\/sites\/13\/2023\/06\/19.jpg\" alt=\"\" class=\"wp-image-8637\" srcset=\"https:\/\/catholiques17.fr\/saintbernardenaunis\/wp-content\/uploads\/sites\/13\/2023\/06\/19.jpg 800w, https:\/\/catholiques17.fr\/saintbernardenaunis\/wp-content\/uploads\/sites\/13\/2023\/06\/19-480x361.jpg 480w\" sizes=\"(min-width: 0px) and (max-width: 480px) 480px, (min-width: 481px) 800px, 100vw\" \/><\/figure>\n\n\n\n<p>Un grand <strong>MERCI<\/strong> \u00e9galement aux<strong> membres de l&rsquo;\u00e9quipe pastorale et aux b\u00e9n\u00e9voles<\/strong> qui ont coordonn\u00e9 les services et les activit\u00e9s pour que la mission continue.<\/p>\n\n\n\n<p>Tous les fid\u00e8les de la Paroisse Saint-Bernard en Aunis vous remercient pour ces beaux moments de partage et de communion.<\/p>\n","protected":false},"excerpt":{"rendered":"<p>Le P\u00e8re Alphonse s&rsquo;est absent\u00e9 du 22 mai au 26 juin. Il est parti visiter sa famille en Inde et a pris un repos bien m\u00e9rit\u00e9. Un grand\u00a0MERCI\u00a0au\u00a0P\u00e8re Laurent Chaumet, [&hellip;]<\/p>\n","protected":false},"author":18,"featured_media":8636,"comment_status":"open","ping_status":"open","sticky":false,"template":"","format":"standard","meta":{"_et_pb_use_builder":"off","_et_pb_old_content":"","_et_gb_content_width":"","footnotes":""},"categories":[6],"tags":[],"class_list":["post-8635","post","type-post","status-publish","format-standard","has-post-thumbnail","hentry","category-actualite"],"_links":{"self":[{"href":"https:\/\/catholiques17.fr\/saintbernardenaunis\/wp-json\/wp\/v2\/posts\/8635","targetHints":{"allow":["GET"]}}],"collection":[{"href":"https:\/\/catholiques17.fr\/saintbernardenaunis\/wp-json\/wp\/v2\/posts"}],"about":[{"href":"https:\/\/catholiques17.fr\/saintbernardenaunis\/wp-json\/wp\/v2\/types\/post"}],"author":[{"embeddable":true,"href":"https:\/\/catholiques17.fr\/saintbernardenaunis\/wp-json\/wp\/v2\/users\/18"}],"replies":[{"embeddable":true,"href":"https:\/\/catholiques17.fr\/saintbernardenaunis\/wp-json\/wp\/v2\/comments?post=8635"}],"version-history":[{"count":7,"href":"https:\/\/catholiques17.fr\/saintbernardenaunis\/wp-json\/wp\/v2\/posts\/8635\/revisions"}],"predecessor-version":[{"id":8731,"href":"https:\/\/catholiques17.fr\/saintbernardenaunis\/wp-json\/wp\/v2\/posts\/8635\/revisions\/8731"}],"wp:featuredmedia":[{"embeddable":true,"href":"https:\/\/catholiques17.fr\/saintbernardenaunis\/wp-json\/wp\/v2\/media\/8636"}],"wp:attachment":[{"href":"https:\/\/catholiques17.fr\/saintbernardenaunis\/wp-json\/wp\/v2\/media?parent=8635"}],"wp:term":[{"taxonomy":"category","embeddable":true,"href":"https:\/\/catholiques17.fr\/saintbernardenaunis\/wp-json\/wp\/v2\/categories?post=8635"},{"taxonomy":"post_tag","embeddable":true,"href":"https:\/\/catholiques17.fr\/saintbernardenaunis\/wp-json\/wp\/v2\/tags?post=8635"}],"curies":[{"name":"wp","href":"https:\/\/api.w.org\/{rel}","templated":true}]}}