{"id":8436,"date":"2023-05-17T08:14:06","date_gmt":"2023-05-17T06:14:06","guid":{"rendered":"https:\/\/catholiques17.fr\/saintbernardenaunis\/?p=8436"},"modified":"2023-05-17T08:14:11","modified_gmt":"2023-05-17T06:14:11","slug":"rassemblement-diocesain-enfants-de-dieu-a-sablonceaux","status":"publish","type":"post","link":"https:\/\/catholiques17.fr\/saintbernardenaunis\/2023\/05\/17\/rassemblement-diocesain-enfants-de-dieu-a-sablonceaux\/","title":{"rendered":"Rassemblement dioc\u00e9sain \u201cEnfants de Dieu\u201d \u00e0 Sablonceaux"},"content":{"rendered":"\n<p>Le samedi 17 juin, tous les enfants du cat\u00e9 sont invit\u00e9s \u00e0 vivre un grand rassemblement dioc\u00e9sain \u201cEnfants de Dieu\u201d, apr\u00e8s une ann\u00e9e de \u201cd\u00e9fis\u201d v\u00e9cus en \u00e9quipe de cat\u00e9.<\/p>\n\n\n\n<p>Les inscriptions sont \u00e0 faire aupr\u00e8s des cat\u00e9chistes directement !<\/p>\n\n\n\n<p>Samedi 13 mai, V\u00e9ronique et Isabelle de notre paroisse comme d&rsquo;autres volontaires ont r\u00e9pondu \u00e0 l&rsquo;appel de l&rsquo;\u00e9quipe dioc\u00e9saine pilote de cette journ\u00e9e du 17 juin pour une pr\u00e9sentation des animations qui seront organis\u00e9es. Tou(te)s sont ravi(e)s de pouvoir participer activement \u00e0 cette prochaine rencontre qui r\u00e9serve de belles surprises avec des jeux et des chants. Des enfants du cat\u00e9 de notre paroisse sont d\u00e9j\u00e0 inscrits et les parents, s&rsquo;ils le souhaitent, sont invit\u00e9s \u00e0 les accompagner.<\/p>\n\n\n\n<figure class=\"wp-block-image aligncenter size-full\"><img loading=\"lazy\" decoding=\"async\" width=\"600\" height=\"800\" src=\"https:\/\/catholiques17.fr\/saintbernardenaunis\/wp-content\/uploads\/sites\/13\/2023\/05\/Image1.jpg\" alt=\"\" class=\"wp-image-8438\" srcset=\"https:\/\/catholiques17.fr\/saintbernardenaunis\/wp-content\/uploads\/sites\/13\/2023\/05\/Image1.jpg 600w, https:\/\/catholiques17.fr\/saintbernardenaunis\/wp-content\/uploads\/sites\/13\/2023\/05\/Image1-480x640.jpg 480w\" sizes=\"(min-width: 0px) and (max-width: 480px) 480px, (min-width: 481px) 600px, 100vw\" \/><\/figure>\n","protected":false},"excerpt":{"rendered":"<p>Le samedi 17 juin, tous les enfants du cat\u00e9 sont invit\u00e9s \u00e0 vivre un grand rassemblement dioc\u00e9sain \u201cEnfants de Dieu\u201d, apr\u00e8s une ann\u00e9e de \u201cd\u00e9fis\u201d v\u00e9cus en \u00e9quipe de cat\u00e9. [&hellip;]<\/p>\n","protected":false},"author":18,"featured_media":8437,"comment_status":"open","ping_status":"open","sticky":false,"template":"","format":"standard","meta":{"_et_pb_use_builder":"off","_et_pb_old_content":"","_et_gb_content_width":"","footnotes":""},"categories":[6],"tags":[],"class_list":["post-8436","post","type-post","status-publish","format-standard","has-post-thumbnail","hentry","category-actualite"],"_links":{"self":[{"href":"https:\/\/catholiques17.fr\/saintbernardenaunis\/wp-json\/wp\/v2\/posts\/8436","targetHints":{"allow":["GET"]}}],"collection":[{"href":"https:\/\/catholiques17.fr\/saintbernardenaunis\/wp-json\/wp\/v2\/posts"}],"about":[{"href":"https:\/\/catholiques17.fr\/saintbernardenaunis\/wp-json\/wp\/v2\/types\/post"}],"author":[{"embeddable":true,"href":"https:\/\/catholiques17.fr\/saintbernardenaunis\/wp-json\/wp\/v2\/users\/18"}],"replies":[{"embeddable":true,"href":"https:\/\/catholiques17.fr\/saintbernardenaunis\/wp-json\/wp\/v2\/comments?post=8436"}],"version-history":[{"count":1,"href":"https:\/\/catholiques17.fr\/saintbernardenaunis\/wp-json\/wp\/v2\/posts\/8436\/revisions"}],"predecessor-version":[{"id":8439,"href":"https:\/\/catholiques17.fr\/saintbernardenaunis\/wp-json\/wp\/v2\/posts\/8436\/revisions\/8439"}],"wp:featuredmedia":[{"embeddable":true,"href":"https:\/\/catholiques17.fr\/saintbernardenaunis\/wp-json\/wp\/v2\/media\/8437"}],"wp:attachment":[{"href":"https:\/\/catholiques17.fr\/saintbernardenaunis\/wp-json\/wp\/v2\/media?parent=8436"}],"wp:term":[{"taxonomy":"category","embeddable":true,"href":"https:\/\/catholiques17.fr\/saintbernardenaunis\/wp-json\/wp\/v2\/categories?post=8436"},{"taxonomy":"post_tag","embeddable":true,"href":"https:\/\/catholiques17.fr\/saintbernardenaunis\/wp-json\/wp\/v2\/tags?post=8436"}],"curies":[{"name":"wp","href":"https:\/\/api.w.org\/{rel}","templated":true}]}}