{"id":8430,"date":"2023-05-16T10:31:43","date_gmt":"2023-05-16T08:31:43","guid":{"rendered":"https:\/\/catholiques17.fr\/saintbernardenaunis\/?p=8430"},"modified":"2023-05-16T10:34:33","modified_gmt":"2023-05-16T08:34:33","slug":"soiree-indienne-un-rendez-vous-a-ne-pas-manquer","status":"publish","type":"post","link":"https:\/\/catholiques17.fr\/saintbernardenaunis\/2023\/05\/16\/soiree-indienne-un-rendez-vous-a-ne-pas-manquer\/","title":{"rendered":"Soir\u00e9e Indienne : un rendez-vous \u00e0 ne pas manquer !"},"content":{"rendered":"\n<p><strong>Samedi 1<sup>er<\/sup> juillet<\/strong>\u00a0: <strong>soir\u00e9e Indienne<\/strong> organis\u00e9e par la paroisse \u00e0 partir de 18h dans la salle des f\u00eates de Ferri\u00e8res (participation libre).<\/p>\n\n\n\n<p>Au programme :<\/p>\n\n\n\n<ul class=\"wp-block-list\">\n<li>Pr\u00e9sentation de l\u2019Inde<\/li>\n\n\n\n<li>D\u00e9monstration de danse Indienne<\/li>\n\n\n\n<li>Repas Indien (merci de pr\u00e9voir vos couverts)<\/li>\n<\/ul>\n\n\n\n<p>Afin de pr\u00e9parer ce moment de partage festif autour de notre cur\u00e9, le P\u00e8re Alphonse, les inscriptions sont obligatoires et se font aupr\u00e8s de Yvette ARNAUD\u00a0: 07 87 09 77 90 et Pierrette MONTARDY\u00a0: 06 81 38 71 11 ou 05 46 01 90 26.<\/p>\n\n\n\n<p>Nous vous attendons nombreux et nous vous invitons \u00e0 vous inscrire au plus t\u00f4t pour faciliter l\u2019organisation et la logistique de la soir\u00e9e.<\/p>\n\n\n\n<figure class=\"wp-block-image aligncenter size-full\"><img loading=\"lazy\" decoding=\"async\" width=\"564\" height=\"800\" src=\"https:\/\/catholiques17.fr\/saintbernardenaunis\/wp-content\/uploads\/sites\/13\/2023\/05\/Flyer-Soiree-Indienne.png\" alt=\"\" class=\"wp-image-8431\" srcset=\"https:\/\/catholiques17.fr\/saintbernardenaunis\/wp-content\/uploads\/sites\/13\/2023\/05\/Flyer-Soiree-Indienne.png 564w, https:\/\/catholiques17.fr\/saintbernardenaunis\/wp-content\/uploads\/sites\/13\/2023\/05\/Flyer-Soiree-Indienne-480x681.png 480w\" sizes=\"(min-width: 0px) and (max-width: 480px) 480px, (min-width: 481px) 564px, 100vw\" \/><\/figure>\n","protected":false},"excerpt":{"rendered":"<p>Samedi 1er juillet\u00a0: soir\u00e9e Indienne organis\u00e9e par la paroisse \u00e0 partir de 18h dans la salle des f\u00eates de Ferri\u00e8res (participation libre). Au programme : Afin de pr\u00e9parer ce moment [&hellip;]<\/p>\n","protected":false},"author":18,"featured_media":8434,"comment_status":"open","ping_status":"open","sticky":false,"template":"","format":"standard","meta":{"_et_pb_use_builder":"off","_et_pb_old_content":"","_et_gb_content_width":"","footnotes":""},"categories":[6],"tags":[],"class_list":["post-8430","post","type-post","status-publish","format-standard","has-post-thumbnail","hentry","category-actualite"],"_links":{"self":[{"href":"https:\/\/catholiques17.fr\/saintbernardenaunis\/wp-json\/wp\/v2\/posts\/8430","targetHints":{"allow":["GET"]}}],"collection":[{"href":"https:\/\/catholiques17.fr\/saintbernardenaunis\/wp-json\/wp\/v2\/posts"}],"about":[{"href":"https:\/\/catholiques17.fr\/saintbernardenaunis\/wp-json\/wp\/v2\/types\/post"}],"author":[{"embeddable":true,"href":"https:\/\/catholiques17.fr\/saintbernardenaunis\/wp-json\/wp\/v2\/users\/18"}],"replies":[{"embeddable":true,"href":"https:\/\/catholiques17.fr\/saintbernardenaunis\/wp-json\/wp\/v2\/comments?post=8430"}],"version-history":[{"count":2,"href":"https:\/\/catholiques17.fr\/saintbernardenaunis\/wp-json\/wp\/v2\/posts\/8430\/revisions"}],"predecessor-version":[{"id":8435,"href":"https:\/\/catholiques17.fr\/saintbernardenaunis\/wp-json\/wp\/v2\/posts\/8430\/revisions\/8435"}],"wp:featuredmedia":[{"embeddable":true,"href":"https:\/\/catholiques17.fr\/saintbernardenaunis\/wp-json\/wp\/v2\/media\/8434"}],"wp:attachment":[{"href":"https:\/\/catholiques17.fr\/saintbernardenaunis\/wp-json\/wp\/v2\/media?parent=8430"}],"wp:term":[{"taxonomy":"category","embeddable":true,"href":"https:\/\/catholiques17.fr\/saintbernardenaunis\/wp-json\/wp\/v2\/categories?post=8430"},{"taxonomy":"post_tag","embeddable":true,"href":"https:\/\/catholiques17.fr\/saintbernardenaunis\/wp-json\/wp\/v2\/tags?post=8430"}],"curies":[{"name":"wp","href":"https:\/\/api.w.org\/{rel}","templated":true}]}}