{"id":8426,"date":"2023-05-16T10:28:12","date_gmt":"2023-05-16T08:28:12","guid":{"rendered":"https:\/\/catholiques17.fr\/saintbernardenaunis\/?p=8426"},"modified":"2023-05-16T10:28:15","modified_gmt":"2023-05-16T08:28:15","slug":"pele-vtt-17-edition-2023","status":"publish","type":"post","link":"https:\/\/catholiques17.fr\/saintbernardenaunis\/2023\/05\/16\/pele-vtt-17-edition-2023\/","title":{"rendered":"P\u00e9l\u00e9 VTT 17 \u00e9dition 2023"},"content":{"rendered":"\n<h1 class=\"wp-block-heading\">Nouveaux tours de roues pour le pel\u00e9 VTT 17 !<\/h1>\n\n\n\n<p>Apr\u00e8s le succ\u00e8s du\u00a0<a rel=\"noreferrer noopener\" href=\"https:\/\/jeunes17.fr\/pele-vtt-2022\/\" target=\"_blank\">P\u00e9l\u00e9 VTT 2022<\/a>\u00a0aupr\u00e8s des jeunes (et des moins jeunes) dans le dioc\u00e8se, c\u2019est reparti pour l\u2019\u00e9dition 2023 et sa nouvelle route !<\/p>\n\n\n\n<p>Le p\u00e8lerinage se d\u00e9roulera&nbsp;<strong>du 13 au 18 Ao\u00fbt 2023<\/strong>&nbsp;et reliera les communes de&nbsp;<strong>Champagne<\/strong>&nbsp;<strong>et<\/strong><strong>&nbsp;Nieul s\/mer<\/strong>&nbsp;(chapelle ND de&nbsp;Lauzi\u00e8res), toutes les deux situ\u00e9es dans le d\u00e9partement.<\/p>\n\n\n\n<p><strong>Le P\u00e9l\u00e9 VTT, c\u2019est&nbsp;:<\/strong><\/p>\n\n\n\n<ul class=\"wp-block-list\">\n<li>une initiative de l\u2019Eglise catholique ouverte \u00e0 tous les jeunes, baptis\u00e9s ou non, qui ont envie de tenter l\u2019aventure. N\u00e9 en 2001 \u00e0 Rocamadour, il existe aujourd\u2019hui dans 36 d\u00e9partements et regroupe 5000 participants.<\/li>\n\n\n\n<li>5 jours \u00e0 v\u00e9lo avec d\u2019autres jeunes en direction d\u2019un sanctuaire marial ou d\u2019une cath\u00e9drale. Au quotidien, il y a des jeux, des d\u00e9fis, des veill\u00e9es, mais aussi des temps de pri\u00e8re qui rythment la journ\u00e9e : la foi est au coeur du camp.<\/li>\n\n\n\n<li>un groupe interg\u00e9n\u00e9rationnel : 11 \u00e0 91 ans, chacun a sa place au P\u00e9l\u00e9 VTT. Sur un v\u00e9lo ou derri\u00e8re les fourneaux, sur la route ou dans le camp, il y en a vraiment pour tous les go\u00fbts.<\/li>\n<\/ul>\n","protected":false},"excerpt":{"rendered":"<p>Nouveaux tours de roues pour le pel\u00e9 VTT 17 ! Apr\u00e8s le succ\u00e8s du\u00a0P\u00e9l\u00e9 VTT 2022\u00a0aupr\u00e8s des jeunes (et des moins jeunes) dans le dioc\u00e8se, c\u2019est reparti pour l\u2019\u00e9dition 2023 [&hellip;]<\/p>\n","protected":false},"author":18,"featured_media":8428,"comment_status":"open","ping_status":"open","sticky":false,"template":"","format":"standard","meta":{"_et_pb_use_builder":"off","_et_pb_old_content":"","_et_gb_content_width":"","footnotes":""},"categories":[6],"tags":[],"class_list":["post-8426","post","type-post","status-publish","format-standard","has-post-thumbnail","hentry","category-actualite"],"_links":{"self":[{"href":"https:\/\/catholiques17.fr\/saintbernardenaunis\/wp-json\/wp\/v2\/posts\/8426","targetHints":{"allow":["GET"]}}],"collection":[{"href":"https:\/\/catholiques17.fr\/saintbernardenaunis\/wp-json\/wp\/v2\/posts"}],"about":[{"href":"https:\/\/catholiques17.fr\/saintbernardenaunis\/wp-json\/wp\/v2\/types\/post"}],"author":[{"embeddable":true,"href":"https:\/\/catholiques17.fr\/saintbernardenaunis\/wp-json\/wp\/v2\/users\/18"}],"replies":[{"embeddable":true,"href":"https:\/\/catholiques17.fr\/saintbernardenaunis\/wp-json\/wp\/v2\/comments?post=8426"}],"version-history":[{"count":1,"href":"https:\/\/catholiques17.fr\/saintbernardenaunis\/wp-json\/wp\/v2\/posts\/8426\/revisions"}],"predecessor-version":[{"id":8429,"href":"https:\/\/catholiques17.fr\/saintbernardenaunis\/wp-json\/wp\/v2\/posts\/8426\/revisions\/8429"}],"wp:featuredmedia":[{"embeddable":true,"href":"https:\/\/catholiques17.fr\/saintbernardenaunis\/wp-json\/wp\/v2\/media\/8428"}],"wp:attachment":[{"href":"https:\/\/catholiques17.fr\/saintbernardenaunis\/wp-json\/wp\/v2\/media?parent=8426"}],"wp:term":[{"taxonomy":"category","embeddable":true,"href":"https:\/\/catholiques17.fr\/saintbernardenaunis\/wp-json\/wp\/v2\/categories?post=8426"},{"taxonomy":"post_tag","embeddable":true,"href":"https:\/\/catholiques17.fr\/saintbernardenaunis\/wp-json\/wp\/v2\/tags?post=8426"}],"curies":[{"name":"wp","href":"https:\/\/api.w.org\/{rel}","templated":true}]}}