{"id":8363,"date":"2023-04-17T13:53:20","date_gmt":"2023-04-17T11:53:20","guid":{"rendered":"https:\/\/catholiques17.fr\/saintbernardenaunis\/?p=8363"},"modified":"2023-04-19T22:54:17","modified_gmt":"2023-04-19T20:54:17","slug":"en-route-vers-le-mariage","status":"publish","type":"post","link":"https:\/\/catholiques17.fr\/saintbernardenaunis\/2023\/04\/17\/en-route-vers-le-mariage\/","title":{"rendered":"En route vers le mariage &#8230;"},"content":{"rendered":"\n<p>Ce dimanche 16 avril, 2\u00e8me dimanche de P\u00e2ques et de la Divine Mis\u00e9ricorde, les fianc\u00e9s qui pr\u00e9parent leur mariage au sein de notre paroisse, \u00e9taient r\u00e9unis \u00e0 l&rsquo;occasion de leur journ\u00e9e de pr\u00e9paration au mariage aux c\u00f4t\u00e9s du P\u00e8re Alphonse. Ils ont donc commenc\u00e9 leur journ\u00e9e en participant \u00e0 la c\u00e9l\u00e9bration dominicale.<\/p>\n\n\n\n<p>Un beau moment car durant la c\u00e9l\u00e9bration, Odile, appel\u00e9e par le P\u00e8re Alphonse pour rejoindre l&rsquo;\u00e9quipe d&rsquo;animation pastorale, a re\u00e7u sa lettre de mission des mains du P\u00e8re Bertrand Monnard, Vicaire G\u00e9n\u00e9ral. L&rsquo;occasion pour toute la communaut\u00e9 de l&rsquo;entourer et de saluer son engagement au service de tous.<\/p>\n\n\n\n<p><\/p>\n\n\n\n<figure class=\"wp-block-gallery aligncenter has-nested-images columns-default is-cropped wp-block-gallery-1 is-layout-flex wp-block-gallery-is-layout-flex\">\n<figure class=\"wp-block-image size-full\"><img loading=\"lazy\" decoding=\"async\" width=\"605\" height=\"454\" data-id=\"8393\" src=\"https:\/\/catholiques17.fr\/saintbernardenaunis\/wp-content\/uploads\/sites\/13\/2023\/04\/Image1-5.jpg\" alt=\"\" class=\"wp-image-8393\" srcset=\"https:\/\/catholiques17.fr\/saintbernardenaunis\/wp-content\/uploads\/sites\/13\/2023\/04\/Image1-5.jpg 605w, https:\/\/catholiques17.fr\/saintbernardenaunis\/wp-content\/uploads\/sites\/13\/2023\/04\/Image1-5-480x360.jpg 480w\" sizes=\"(min-width: 0px) and (max-width: 480px) 480px, (min-width: 481px) 605px, 100vw\" \/><\/figure>\n<\/figure>\n\n\n\n<p><\/p>\n\n\n\n<p>Pour les couples en route vers le mariage, la journ\u00e9e s&rsquo;est poursuivie \u00e0 la maison paroissiale pour partager la parole de Dieu et pr\u00e9parer cette c\u00e9l\u00e9bration remplie de joie et d&rsquo;engagements au cours de laquelle ils recevront le sacrement du mariage en pr\u00e9sence de leurs t\u00e9moins, leurs familles et leurs proches.<\/p>\n\n\n\n<p><\/p>\n\n\n\n<figure class=\"wp-block-gallery has-nested-images columns-default is-cropped wp-block-gallery-2 is-layout-flex wp-block-gallery-is-layout-flex\">\n<figure class=\"wp-block-image size-large\"><img loading=\"lazy\" decoding=\"async\" width=\"605\" height=\"454\" data-id=\"8367\" src=\"https:\/\/catholiques17.fr\/saintbernardenaunis\/wp-content\/uploads\/sites\/13\/2023\/04\/Image6-1.jpg\" alt=\"\" class=\"wp-image-8367\" srcset=\"https:\/\/catholiques17.fr\/saintbernardenaunis\/wp-content\/uploads\/sites\/13\/2023\/04\/Image6-1.jpg 605w, https:\/\/catholiques17.fr\/saintbernardenaunis\/wp-content\/uploads\/sites\/13\/2023\/04\/Image6-1-480x360.jpg 480w\" sizes=\"(min-width: 0px) and (max-width: 480px) 480px, (min-width: 481px) 605px, 100vw\" \/><\/figure>\n\n\n\n<figure class=\"wp-block-image size-large\"><img loading=\"lazy\" decoding=\"async\" width=\"605\" height=\"454\" data-id=\"8368\" src=\"https:\/\/catholiques17.fr\/saintbernardenaunis\/wp-content\/uploads\/sites\/13\/2023\/04\/Image7-1.jpg\" alt=\"\" class=\"wp-image-8368\" srcset=\"https:\/\/catholiques17.fr\/saintbernardenaunis\/wp-content\/uploads\/sites\/13\/2023\/04\/Image7-1.jpg 605w, https:\/\/catholiques17.fr\/saintbernardenaunis\/wp-content\/uploads\/sites\/13\/2023\/04\/Image7-1-480x360.jpg 480w\" sizes=\"(min-width: 0px) and (max-width: 480px) 480px, (min-width: 481px) 605px, 100vw\" \/><\/figure>\n\n\n\n<figure class=\"wp-block-image size-large\"><img loading=\"lazy\" decoding=\"async\" width=\"605\" height=\"454\" data-id=\"8366\" src=\"https:\/\/catholiques17.fr\/saintbernardenaunis\/wp-content\/uploads\/sites\/13\/2023\/04\/Image9.jpg\" alt=\"\" class=\"wp-image-8366\" srcset=\"https:\/\/catholiques17.fr\/saintbernardenaunis\/wp-content\/uploads\/sites\/13\/2023\/04\/Image9.jpg 605w, https:\/\/catholiques17.fr\/saintbernardenaunis\/wp-content\/uploads\/sites\/13\/2023\/04\/Image9-480x360.jpg 480w\" sizes=\"(min-width: 0px) and (max-width: 480px) 480px, (min-width: 481px) 605px, 100vw\" \/><\/figure>\n<\/figure>\n","protected":false},"excerpt":{"rendered":"<p>Ce dimanche 16 avril, 2\u00e8me dimanche de P\u00e2ques et de la Divine Mis\u00e9ricorde, les fianc\u00e9s qui pr\u00e9parent leur mariage au sein de notre paroisse, \u00e9taient r\u00e9unis \u00e0 l&rsquo;occasion de leur [&hellip;]<\/p>\n","protected":false},"author":18,"featured_media":8365,"comment_status":"open","ping_status":"open","sticky":false,"template":"","format":"standard","meta":{"_et_pb_use_builder":"off","_et_pb_old_content":"","_et_gb_content_width":"","footnotes":""},"categories":[6],"tags":[],"class_list":["post-8363","post","type-post","status-publish","format-standard","has-post-thumbnail","hentry","category-actualite"],"_links":{"self":[{"href":"https:\/\/catholiques17.fr\/saintbernardenaunis\/wp-json\/wp\/v2\/posts\/8363","targetHints":{"allow":["GET"]}}],"collection":[{"href":"https:\/\/catholiques17.fr\/saintbernardenaunis\/wp-json\/wp\/v2\/posts"}],"about":[{"href":"https:\/\/catholiques17.fr\/saintbernardenaunis\/wp-json\/wp\/v2\/types\/post"}],"author":[{"embeddable":true,"href":"https:\/\/catholiques17.fr\/saintbernardenaunis\/wp-json\/wp\/v2\/users\/18"}],"replies":[{"embeddable":true,"href":"https:\/\/catholiques17.fr\/saintbernardenaunis\/wp-json\/wp\/v2\/comments?post=8363"}],"version-history":[{"count":4,"href":"https:\/\/catholiques17.fr\/saintbernardenaunis\/wp-json\/wp\/v2\/posts\/8363\/revisions"}],"predecessor-version":[{"id":8394,"href":"https:\/\/catholiques17.fr\/saintbernardenaunis\/wp-json\/wp\/v2\/posts\/8363\/revisions\/8394"}],"wp:featuredmedia":[{"embeddable":true,"href":"https:\/\/catholiques17.fr\/saintbernardenaunis\/wp-json\/wp\/v2\/media\/8365"}],"wp:attachment":[{"href":"https:\/\/catholiques17.fr\/saintbernardenaunis\/wp-json\/wp\/v2\/media?parent=8363"}],"wp:term":[{"taxonomy":"category","embeddable":true,"href":"https:\/\/catholiques17.fr\/saintbernardenaunis\/wp-json\/wp\/v2\/categories?post=8363"},{"taxonomy":"post_tag","embeddable":true,"href":"https:\/\/catholiques17.fr\/saintbernardenaunis\/wp-json\/wp\/v2\/tags?post=8363"}],"curies":[{"name":"wp","href":"https:\/\/api.w.org\/{rel}","templated":true}]}}