{"id":8356,"date":"2023-04-17T13:40:51","date_gmt":"2023-04-17T11:40:51","guid":{"rendered":"https:\/\/catholiques17.fr\/saintbernardenaunis\/?p=8356"},"modified":"2023-04-17T15:52:35","modified_gmt":"2023-04-17T13:52:35","slug":"moment-de-joie-bapteme-et-1ere-communion-de-guillaume","status":"publish","type":"post","link":"https:\/\/catholiques17.fr\/saintbernardenaunis\/2023\/04\/17\/moment-de-joie-bapteme-et-1ere-communion-de-guillaume\/","title":{"rendered":"Moment de joie : bapt\u00eame et 1\u00e8re communion de Guillaume"},"content":{"rendered":"\n<p>Au moment des c\u00e9l\u00e9brations de P\u00e2ques, de nombreux adultes re\u00e7oivent les sacrements du bapt\u00eame et de l&rsquo;Eucharistie.<\/p>\n\n\n\n<p>Guillaume, qui a fait son entr\u00e9e en cat\u00e9chum\u00e9nat au sein de notre paroisse et qui a d\u00e9m\u00e9nag\u00e9 en Charente, a \u00e9t\u00e9 baptis\u00e9 le Jour de P\u00e2ques par Monseigneur Gosselin, \u00e9v\u00eaque de Charente, en l&rsquo;\u00e9glise de Chasseneuil aux c\u00f4t\u00e9s de sa marraine, Isabelle Bertin, avec laquelle il avait commenc\u00e9 son chemin de cat\u00e9chum\u00e9nat.<\/p>\n\n\n\n<figure class=\"wp-block-gallery has-nested-images columns-default is-cropped wp-block-gallery-1 is-layout-flex wp-block-gallery-is-layout-flex\">\n<figure class=\"wp-block-image size-large\"><img loading=\"lazy\" decoding=\"async\" width=\"600\" height=\"800\" data-id=\"8379\" src=\"https:\/\/catholiques17.fr\/saintbernardenaunis\/wp-content\/uploads\/sites\/13\/2023\/04\/Image1-4.jpg\" alt=\"\" class=\"wp-image-8379\" srcset=\"https:\/\/catholiques17.fr\/saintbernardenaunis\/wp-content\/uploads\/sites\/13\/2023\/04\/Image1-4.jpg 600w, https:\/\/catholiques17.fr\/saintbernardenaunis\/wp-content\/uploads\/sites\/13\/2023\/04\/Image1-4-480x640.jpg 480w\" sizes=\"(min-width: 0px) and (max-width: 480px) 480px, (min-width: 481px) 600px, 100vw\" \/><\/figure>\n\n\n\n<figure class=\"wp-block-image size-large\"><img loading=\"lazy\" decoding=\"async\" width=\"600\" height=\"800\" data-id=\"8380\" src=\"https:\/\/catholiques17.fr\/saintbernardenaunis\/wp-content\/uploads\/sites\/13\/2023\/04\/Image2-4.jpg\" alt=\"\" class=\"wp-image-8380\" srcset=\"https:\/\/catholiques17.fr\/saintbernardenaunis\/wp-content\/uploads\/sites\/13\/2023\/04\/Image2-4.jpg 600w, https:\/\/catholiques17.fr\/saintbernardenaunis\/wp-content\/uploads\/sites\/13\/2023\/04\/Image2-4-480x640.jpg 480w\" sizes=\"(min-width: 0px) and (max-width: 480px) 480px, (min-width: 481px) 600px, 100vw\" \/><\/figure>\n<\/figure>\n\n\n\n<p>Par ce bapt\u00eame, Christ lui dit \u00ab Viens \u00bb ! Guillaume est maintenant en chemin vers la confirmation pour l&rsquo;envoi en mission mais d\u00e9j\u00e0\u00a0il s&rsquo;engage avec\u00a0son \u00e9pouse Marion et son fils Marius dans la vie de leur paroisse Notre Dame des Terres en Haute Charente !<br><br>L&rsquo;occasion pour notre communaut\u00e9 de porter Guillaume\u00a0et sa famille dans nos pri\u00e8res et de lui souhaiter un beau chemin de Foi.<\/p>\n\n\n\n<p><\/p>\n\n\n\n<figure class=\"wp-block-gallery has-nested-images columns-default is-cropped wp-block-gallery-2 is-layout-flex wp-block-gallery-is-layout-flex\">\n<figure class=\"wp-block-image size-large\"><img loading=\"lazy\" decoding=\"async\" width=\"605\" height=\"454\" data-id=\"8358\" src=\"https:\/\/catholiques17.fr\/saintbernardenaunis\/wp-content\/uploads\/sites\/13\/2023\/04\/Image1-3.jpg\" alt=\"\" class=\"wp-image-8358\" srcset=\"https:\/\/catholiques17.fr\/saintbernardenaunis\/wp-content\/uploads\/sites\/13\/2023\/04\/Image1-3.jpg 605w, https:\/\/catholiques17.fr\/saintbernardenaunis\/wp-content\/uploads\/sites\/13\/2023\/04\/Image1-3-480x360.jpg 480w\" sizes=\"(min-width: 0px) and (max-width: 480px) 480px, (min-width: 481px) 605px, 100vw\" \/><\/figure>\n\n\n\n<figure class=\"wp-block-image size-large\"><img loading=\"lazy\" decoding=\"async\" width=\"600\" height=\"800\" data-id=\"8360\" src=\"https:\/\/catholiques17.fr\/saintbernardenaunis\/wp-content\/uploads\/sites\/13\/2023\/04\/Image2-2.jpg\" alt=\"\" class=\"wp-image-8360\" srcset=\"https:\/\/catholiques17.fr\/saintbernardenaunis\/wp-content\/uploads\/sites\/13\/2023\/04\/Image2-2.jpg 600w, https:\/\/catholiques17.fr\/saintbernardenaunis\/wp-content\/uploads\/sites\/13\/2023\/04\/Image2-2-480x640.jpg 480w\" sizes=\"(min-width: 0px) and (max-width: 480px) 480px, (min-width: 481px) 600px, 100vw\" \/><\/figure>\n\n\n\n<figure class=\"wp-block-image size-large\"><img loading=\"lazy\" decoding=\"async\" width=\"605\" height=\"454\" data-id=\"8359\" src=\"https:\/\/catholiques17.fr\/saintbernardenaunis\/wp-content\/uploads\/sites\/13\/2023\/04\/Image4-2.jpg\" alt=\"\" class=\"wp-image-8359\" srcset=\"https:\/\/catholiques17.fr\/saintbernardenaunis\/wp-content\/uploads\/sites\/13\/2023\/04\/Image4-2.jpg 605w, https:\/\/catholiques17.fr\/saintbernardenaunis\/wp-content\/uploads\/sites\/13\/2023\/04\/Image4-2-480x360.jpg 480w\" sizes=\"(min-width: 0px) and (max-width: 480px) 480px, (min-width: 481px) 605px, 100vw\" \/><\/figure>\n<\/figure>\n\n\n\n<figure class=\"wp-block-image aligncenter size-full is-resized\"><img loading=\"lazy\" decoding=\"async\" src=\"https:\/\/catholiques17.fr\/saintbernardenaunis\/wp-content\/uploads\/sites\/13\/2023\/04\/Image3-1.jpg\" alt=\"\" class=\"wp-image-8357\" width=\"322\" height=\"242\" \/><\/figure>\n","protected":false},"excerpt":{"rendered":"<p>Au moment des c\u00e9l\u00e9brations de P\u00e2ques, de nombreux adultes re\u00e7oivent les sacrements du bapt\u00eame et de l&rsquo;Eucharistie. Guillaume, qui a fait son entr\u00e9e en cat\u00e9chum\u00e9nat au sein de notre paroisse [&hellip;]<\/p>\n","protected":false},"author":18,"featured_media":8381,"comment_status":"open","ping_status":"open","sticky":false,"template":"","format":"standard","meta":{"_et_pb_use_builder":"off","_et_pb_old_content":"","_et_gb_content_width":"","footnotes":""},"categories":[6],"tags":[],"class_list":["post-8356","post","type-post","status-publish","format-standard","has-post-thumbnail","hentry","category-actualite"],"_links":{"self":[{"href":"https:\/\/catholiques17.fr\/saintbernardenaunis\/wp-json\/wp\/v2\/posts\/8356","targetHints":{"allow":["GET"]}}],"collection":[{"href":"https:\/\/catholiques17.fr\/saintbernardenaunis\/wp-json\/wp\/v2\/posts"}],"about":[{"href":"https:\/\/catholiques17.fr\/saintbernardenaunis\/wp-json\/wp\/v2\/types\/post"}],"author":[{"embeddable":true,"href":"https:\/\/catholiques17.fr\/saintbernardenaunis\/wp-json\/wp\/v2\/users\/18"}],"replies":[{"embeddable":true,"href":"https:\/\/catholiques17.fr\/saintbernardenaunis\/wp-json\/wp\/v2\/comments?post=8356"}],"version-history":[{"count":5,"href":"https:\/\/catholiques17.fr\/saintbernardenaunis\/wp-json\/wp\/v2\/posts\/8356\/revisions"}],"predecessor-version":[{"id":8386,"href":"https:\/\/catholiques17.fr\/saintbernardenaunis\/wp-json\/wp\/v2\/posts\/8356\/revisions\/8386"}],"wp:featuredmedia":[{"embeddable":true,"href":"https:\/\/catholiques17.fr\/saintbernardenaunis\/wp-json\/wp\/v2\/media\/8381"}],"wp:attachment":[{"href":"https:\/\/catholiques17.fr\/saintbernardenaunis\/wp-json\/wp\/v2\/media?parent=8356"}],"wp:term":[{"taxonomy":"category","embeddable":true,"href":"https:\/\/catholiques17.fr\/saintbernardenaunis\/wp-json\/wp\/v2\/categories?post=8356"},{"taxonomy":"post_tag","embeddable":true,"href":"https:\/\/catholiques17.fr\/saintbernardenaunis\/wp-json\/wp\/v2\/tags?post=8356"}],"curies":[{"name":"wp","href":"https:\/\/api.w.org\/{rel}","templated":true}]}}