{"id":8350,"date":"2023-04-17T12:28:41","date_gmt":"2023-04-17T10:28:41","guid":{"rendered":"https:\/\/catholiques17.fr\/saintbernardenaunis\/?p=8350"},"modified":"2024-11-26T20:47:17","modified_gmt":"2024-11-26T19:47:17","slug":"vendredi-saint-et-veillee-pascale-2023","status":"publish","type":"post","link":"https:\/\/catholiques17.fr\/saintbernardenaunis\/2023\/04\/17\/vendredi-saint-et-veillee-pascale-2023\/","title":{"rendered":"Semaine Sainte 2023"},"content":{"rendered":"\n<p class=\"has-text-align-center has-medium-font-size\"><strong>RETOUR EN IMAGES<\/strong><\/p>\n\n\n\n<p>Les c\u00e9l\u00e9brations de la Semaine Sainte dans notre paroisse :<\/p>\n\n\n\n<p>Dimanche des Rameaux le 2 avril \u00e0 Saint Jean de Liversay<\/p>\n\n\n\n<figure class=\"wp-block-image aligncenter size-full is-resized\"><img loading=\"lazy\" decoding=\"async\" src=\"https:\/\/catholiques17.fr\/saintbernardenaunis\/wp-content\/uploads\/sites\/13\/2023\/04\/Image4.jpg\" alt=\"\" class=\"wp-image-8327\" width=\"188\" height=\"251\" \/><\/figure>\n\n\n\n<p>Jeudi saint 6 Avril \u00e0 Benon : Messe de la c\u00e8ne avec le rite du lavement des pieds<\/p>\n\n\n\n<p>Vendredi saint 7 Avril \u00e0 Taugon avec le Chemin de Croix et la v\u00e9n\u00e9ration de la Croix<\/p>\n\n\n\n<figure class=\"wp-block-image aligncenter size-full is-resized\"><img loading=\"lazy\" decoding=\"async\" src=\"https:\/\/catholiques17.fr\/saintbernardenaunis\/wp-content\/uploads\/sites\/13\/2023\/04\/Image2-1.jpg\" alt=\"\" class=\"wp-image-8351\" width=\"240\" height=\"319\" \/><\/figure>\n\n\n\n<p>Samedi 8 avril \u00e0 avec la veill\u00e9e Pascale \u00e0 Saint Sauveur d&rsquo;Aunis<\/p>\n\n\n\n<figure class=\"wp-block-image aligncenter size-full is-resized\"><img loading=\"lazy\" decoding=\"async\" src=\"https:\/\/catholiques17.fr\/saintbernardenaunis\/wp-content\/uploads\/sites\/13\/2023\/04\/Image1-2.jpg\" alt=\"\" class=\"wp-image-8352\" width=\"225\" height=\"299\" \/><\/figure>\n\n\n\n<p>.<\/p>\n","protected":false},"excerpt":{"rendered":"<p>RETOUR EN IMAGES Les c\u00e9l\u00e9brations de la Semaine Sainte dans notre paroisse : Dimanche des Rameaux le 2 avril \u00e0 Saint Jean de Liversay Jeudi saint 6 Avril \u00e0 Benon [&hellip;]<\/p>\n","protected":false},"author":18,"featured_media":0,"comment_status":"open","ping_status":"open","sticky":false,"template":"","format":"standard","meta":{"_et_pb_use_builder":"off","_et_pb_old_content":"","_et_gb_content_width":"","footnotes":""},"categories":[6],"tags":[],"class_list":["post-8350","post","type-post","status-publish","format-standard","hentry","category-actualite"],"_links":{"self":[{"href":"https:\/\/catholiques17.fr\/saintbernardenaunis\/wp-json\/wp\/v2\/posts\/8350","targetHints":{"allow":["GET"]}}],"collection":[{"href":"https:\/\/catholiques17.fr\/saintbernardenaunis\/wp-json\/wp\/v2\/posts"}],"about":[{"href":"https:\/\/catholiques17.fr\/saintbernardenaunis\/wp-json\/wp\/v2\/types\/post"}],"author":[{"embeddable":true,"href":"https:\/\/catholiques17.fr\/saintbernardenaunis\/wp-json\/wp\/v2\/users\/18"}],"replies":[{"embeddable":true,"href":"https:\/\/catholiques17.fr\/saintbernardenaunis\/wp-json\/wp\/v2\/comments?post=8350"}],"version-history":[{"count":3,"href":"https:\/\/catholiques17.fr\/saintbernardenaunis\/wp-json\/wp\/v2\/posts\/8350\/revisions"}],"predecessor-version":[{"id":8372,"href":"https:\/\/catholiques17.fr\/saintbernardenaunis\/wp-json\/wp\/v2\/posts\/8350\/revisions\/8372"}],"wp:attachment":[{"href":"https:\/\/catholiques17.fr\/saintbernardenaunis\/wp-json\/wp\/v2\/media?parent=8350"}],"wp:term":[{"taxonomy":"category","embeddable":true,"href":"https:\/\/catholiques17.fr\/saintbernardenaunis\/wp-json\/wp\/v2\/categories?post=8350"},{"taxonomy":"post_tag","embeddable":true,"href":"https:\/\/catholiques17.fr\/saintbernardenaunis\/wp-json\/wp\/v2\/tags?post=8350"}],"curies":[{"name":"wp","href":"https:\/\/api.w.org\/{rel}","templated":true}]}}