{"id":8335,"date":"2023-04-03T21:39:51","date_gmt":"2023-04-03T19:39:51","guid":{"rendered":"https:\/\/catholiques17.fr\/saintbernardenaunis\/?p=8335"},"modified":"2023-04-14T18:01:00","modified_gmt":"2023-04-14T16:01:00","slug":"soiree-solidarite-partage-ccfd-ts-2","status":"publish","type":"post","link":"https:\/\/catholiques17.fr\/saintbernardenaunis\/2023\/04\/03\/soiree-solidarite-partage-ccfd-ts-2\/","title":{"rendered":"Soir\u00e9e Solidarit\u00e9 Partage CCFD-TS"},"content":{"rendered":"\n<p>Ce vendredi 24 mars, une nouvelle \u00e9dition de la traditionnelle soir\u00e9e Solidarit\u00e9 Partage organis\u00e9e par le CCFD-TS en partenariat avec la paroisse avec la pr\u00e9sence de Florencia Salmuni de Sao Paulo repr\u00e9sentant Red Sin Fronteras r\u00e9seau d&rsquo;Am\u00e9rique Latine engag\u00e9 aupr\u00e8s des migrants a r\u00e9uni 150 personnes.<\/p>\n\n\n\n<p>L&rsquo;occasion de partager le couscous pr\u00e9par\u00e9 par les b\u00e9n\u00e9voles sans qui rien ne serait possible ! Tout le monde a \u00e9t\u00e9 formidable! Un excellent repas, une bonne participation, bref une tr\u00e8s belle soir\u00e9e.<\/p>\n\n\n\n<p>Un grand MERCI \u00e0 tou(te)s ainsi qu&rsquo;\u00e0 la commune de Saint Jean de Liversay qui a mis \u00e0 disposition la salle des f\u00eates.<\/p>\n\n\n\n<p>La soir\u00e9e a permis de r\u00e9colter 2 279 euros et il reste <strong>1 607 euros<\/strong> apr\u00e8s avoir rembours\u00e9 les frais engag\u00e9s. Cette somme sera revers\u00e9e au b\u00e9n\u00e9fice du CCFD, du Secours Catholique et de la paroisse.<\/p>\n\n\n\n<p>Nous vous donnons rendez-vous l&rsquo;ann\u00e9e prochaine et nous aurons l&rsquo;occasion de nous retrouver avec plaisir pour ce beau moment de partage.<\/p>\n\n\n\n<p><\/p>\n\n\n\n<figure class=\"wp-block-gallery has-nested-images columns-default is-cropped wp-block-gallery-1 is-layout-flex wp-block-gallery-is-layout-flex\">\n<figure class=\"wp-block-image size-large\"><img loading=\"lazy\" decoding=\"async\" width=\"600\" height=\"800\" data-id=\"8338\" src=\"https:\/\/catholiques17.fr\/saintbernardenaunis\/wp-content\/uploads\/sites\/13\/2023\/04\/Image2.jpg\" alt=\"\" class=\"wp-image-8338\" srcset=\"https:\/\/catholiques17.fr\/saintbernardenaunis\/wp-content\/uploads\/sites\/13\/2023\/04\/Image2.jpg 600w, https:\/\/catholiques17.fr\/saintbernardenaunis\/wp-content\/uploads\/sites\/13\/2023\/04\/Image2-480x640.jpg 480w\" sizes=\"(min-width: 0px) and (max-width: 480px) 480px, (min-width: 481px) 600px, 100vw\" \/><\/figure>\n\n\n\n<figure class=\"wp-block-image size-large\"><img loading=\"lazy\" decoding=\"async\" width=\"600\" height=\"800\" data-id=\"8337\" src=\"https:\/\/catholiques17.fr\/saintbernardenaunis\/wp-content\/uploads\/sites\/13\/2023\/04\/Image4-1.jpg\" alt=\"\" class=\"wp-image-8337\" srcset=\"https:\/\/catholiques17.fr\/saintbernardenaunis\/wp-content\/uploads\/sites\/13\/2023\/04\/Image4-1.jpg 600w, https:\/\/catholiques17.fr\/saintbernardenaunis\/wp-content\/uploads\/sites\/13\/2023\/04\/Image4-1-480x640.jpg 480w\" sizes=\"(min-width: 0px) and (max-width: 480px) 480px, (min-width: 481px) 600px, 100vw\" \/><\/figure>\n<\/figure>\n","protected":false},"excerpt":{"rendered":"<p>Ce vendredi 24 mars, une nouvelle \u00e9dition de la traditionnelle soir\u00e9e Solidarit\u00e9 Partage organis\u00e9e par le CCFD-TS en partenariat avec la paroisse avec la pr\u00e9sence de Florencia Salmuni de Sao [&hellip;]<\/p>\n","protected":false},"author":18,"featured_media":8336,"comment_status":"open","ping_status":"open","sticky":false,"template":"","format":"standard","meta":{"_et_pb_use_builder":"off","_et_pb_old_content":"","_et_gb_content_width":"","footnotes":""},"categories":[6],"tags":[],"class_list":["post-8335","post","type-post","status-publish","format-standard","has-post-thumbnail","hentry","category-actualite"],"_links":{"self":[{"href":"https:\/\/catholiques17.fr\/saintbernardenaunis\/wp-json\/wp\/v2\/posts\/8335","targetHints":{"allow":["GET"]}}],"collection":[{"href":"https:\/\/catholiques17.fr\/saintbernardenaunis\/wp-json\/wp\/v2\/posts"}],"about":[{"href":"https:\/\/catholiques17.fr\/saintbernardenaunis\/wp-json\/wp\/v2\/types\/post"}],"author":[{"embeddable":true,"href":"https:\/\/catholiques17.fr\/saintbernardenaunis\/wp-json\/wp\/v2\/users\/18"}],"replies":[{"embeddable":true,"href":"https:\/\/catholiques17.fr\/saintbernardenaunis\/wp-json\/wp\/v2\/comments?post=8335"}],"version-history":[{"count":6,"href":"https:\/\/catholiques17.fr\/saintbernardenaunis\/wp-json\/wp\/v2\/posts\/8335\/revisions"}],"predecessor-version":[{"id":8349,"href":"https:\/\/catholiques17.fr\/saintbernardenaunis\/wp-json\/wp\/v2\/posts\/8335\/revisions\/8349"}],"wp:featuredmedia":[{"embeddable":true,"href":"https:\/\/catholiques17.fr\/saintbernardenaunis\/wp-json\/wp\/v2\/media\/8336"}],"wp:attachment":[{"href":"https:\/\/catholiques17.fr\/saintbernardenaunis\/wp-json\/wp\/v2\/media?parent=8335"}],"wp:term":[{"taxonomy":"category","embeddable":true,"href":"https:\/\/catholiques17.fr\/saintbernardenaunis\/wp-json\/wp\/v2\/categories?post=8335"},{"taxonomy":"post_tag","embeddable":true,"href":"https:\/\/catholiques17.fr\/saintbernardenaunis\/wp-json\/wp\/v2\/tags?post=8335"}],"curies":[{"name":"wp","href":"https:\/\/api.w.org\/{rel}","templated":true}]}}