{"id":8326,"date":"2023-04-02T19:55:14","date_gmt":"2023-04-02T17:55:14","guid":{"rendered":"https:\/\/catholiques17.fr\/saintbernardenaunis\/?p=8326"},"modified":"2023-04-02T19:55:20","modified_gmt":"2023-04-02T17:55:20","slug":"dimanche-des-rameaux","status":"publish","type":"post","link":"https:\/\/catholiques17.fr\/saintbernardenaunis\/2023\/04\/02\/dimanche-des-rameaux\/","title":{"rendered":"Dimanche des Rameaux"},"content":{"rendered":"\n<p><strong>La Semaine Sainte s\u2019ouvre par le dimanche des Rameaux et de la Passion. En ce dimanche, la messe r\u00e9unit une procession joyeuse et une messe au ton grave.<\/strong><\/p>\n\n\n\n<p>Six jours avant la f\u00eate juive de la P\u00e2que, J\u00e9sus monte \u00e0 J\u00e9rusalem. Mont\u00e9 sur un \u00e2non, marchant sur une route sur laquelle la foule avait \u00e9tendu des v\u00eatements \u00e9tendus, entour\u00e9 par le peuple en liesse qui agite des palmes, J\u00e9sus est accueilli au cri de : \u00ab&nbsp;Hosanna au fils de David&nbsp;! B\u00e9ni soit celui qui vient au nom du Seigneur&nbsp;! Hosanna au plus haut des cieux&nbsp;!&nbsp;\u00bb.<\/p>\n\n\n\n<p>Aujourd\u2019hui, la messe commence \u00e0 la porte de l\u2019\u00e9glise, en rappelant cette entr\u00e9e triomphale du Christ \u00e0 J\u00e9rusalem. Nous lisons cet \u00e9vangile et nous reproduisons ces gestes en tenant en main des rameaux qui seront b\u00e9nis, et que nous ramenons chez nous, o\u00f9 ils ornent souvent crucifix et coins pri\u00e8re.<\/p>\n\n\n\n<figure class=\"wp-block-gallery has-nested-images columns-default is-cropped wp-block-gallery-1 is-layout-flex wp-block-gallery-is-layout-flex\">\n<figure class=\"wp-block-image size-large\"><img loading=\"lazy\" decoding=\"async\" width=\"800\" height=\"600\" data-id=\"8330\" src=\"https:\/\/catholiques17.fr\/saintbernardenaunis\/wp-content\/uploads\/sites\/13\/2023\/04\/Image3.jpg\" alt=\"\" class=\"wp-image-8330\" srcset=\"https:\/\/catholiques17.fr\/saintbernardenaunis\/wp-content\/uploads\/sites\/13\/2023\/04\/Image3.jpg 800w, https:\/\/catholiques17.fr\/saintbernardenaunis\/wp-content\/uploads\/sites\/13\/2023\/04\/Image3-480x360.jpg 480w\" sizes=\"(min-width: 0px) and (max-width: 480px) 480px, (min-width: 481px) 800px, 100vw\" \/><\/figure>\n\n\n\n<figure class=\"wp-block-image size-large\"><img loading=\"lazy\" decoding=\"async\" width=\"601\" height=\"800\" data-id=\"8327\" src=\"https:\/\/catholiques17.fr\/saintbernardenaunis\/wp-content\/uploads\/sites\/13\/2023\/04\/Image4.jpg\" alt=\"\" class=\"wp-image-8327\" \/><\/figure>\n\n\n\n<figure class=\"wp-block-image size-large\"><img loading=\"lazy\" decoding=\"async\" width=\"601\" height=\"800\" data-id=\"8328\" src=\"https:\/\/catholiques17.fr\/saintbernardenaunis\/wp-content\/uploads\/sites\/13\/2023\/04\/Image5.jpg\" alt=\"\" class=\"wp-image-8328\" srcset=\"https:\/\/catholiques17.fr\/saintbernardenaunis\/wp-content\/uploads\/sites\/13\/2023\/04\/Image5.jpg 601w, https:\/\/catholiques17.fr\/saintbernardenaunis\/wp-content\/uploads\/sites\/13\/2023\/04\/Image5-480x639.jpg 480w\" sizes=\"(min-width: 0px) and (max-width: 480px) 480px, (min-width: 481px) 601px, 100vw\" \/><\/figure>\n\n\n\n<figure class=\"wp-block-image size-large\"><img loading=\"lazy\" decoding=\"async\" width=\"600\" height=\"800\" data-id=\"8329\" src=\"https:\/\/catholiques17.fr\/saintbernardenaunis\/wp-content\/uploads\/sites\/13\/2023\/04\/Image6.jpg\" alt=\"\" class=\"wp-image-8329\" srcset=\"https:\/\/catholiques17.fr\/saintbernardenaunis\/wp-content\/uploads\/sites\/13\/2023\/04\/Image6.jpg 600w, https:\/\/catholiques17.fr\/saintbernardenaunis\/wp-content\/uploads\/sites\/13\/2023\/04\/Image6-480x640.jpg 480w\" sizes=\"(min-width: 0px) and (max-width: 480px) 480px, (min-width: 481px) 600px, 100vw\" \/><\/figure>\n<\/figure>\n\n\n\n<p><\/p>\n\n\n\n<p>La seconde partie de la c\u00e9l\u00e9bration consiste en l\u2019eucharistie au cours de laquelle sera proclam\u00e9 le r\u00e9cit d\u2019un des \u00e9vangiles de synoptiques de la Passion du Seigneur. C\u2019est une narration longue et d\u00e9pouill\u00e9e qui nous fait percevoir jusqu\u2019o\u00f9 est all\u00e9 la folie de l\u2019amour de Dieu pour nous. Le ton est plus grave, puisque nous entendons le r\u00e9cit des souffrances et de la mort du Christ pour nous, sur la croix.<\/p>\n\n\n\n<figure class=\"wp-block-image aligncenter size-full is-resized\"><img decoding=\"async\" src=\"https:\/\/catholiques17.fr\/saintbernardenaunis\/wp-content\/uploads\/sites\/13\/2023\/04\/Image7.jpg\" alt=\"\" class=\"wp-image-8332\" width=\"-255\" height=\"-191\" srcset=\"https:\/\/catholiques17.fr\/saintbernardenaunis\/wp-content\/uploads\/sites\/13\/2023\/04\/Image7.jpg 800w, https:\/\/catholiques17.fr\/saintbernardenaunis\/wp-content\/uploads\/sites\/13\/2023\/04\/Image7-480x361.jpg 480w\" sizes=\"(min-width: 0px) and (max-width: 480px) 480px, (min-width: 481px) 800px, 100vw\" \/><\/figure>\n\n\n\n<figure class=\"wp-block-image aligncenter size-full is-resized\"><img decoding=\"async\" src=\"https:\/\/catholiques17.fr\/saintbernardenaunis\/wp-content\/uploads\/sites\/13\/2023\/04\/Image8.jpg\" alt=\"\" class=\"wp-image-8333\" width=\"-265\" height=\"-198\" srcset=\"https:\/\/catholiques17.fr\/saintbernardenaunis\/wp-content\/uploads\/sites\/13\/2023\/04\/Image8.jpg 800w, https:\/\/catholiques17.fr\/saintbernardenaunis\/wp-content\/uploads\/sites\/13\/2023\/04\/Image8-480x361.jpg 480w\" sizes=\"(min-width: 0px) and (max-width: 480px) 480px, (min-width: 481px) 800px, 100vw\" \/><\/figure>\n\n\n\n<p>Pendant les jours de la Semaine Sainte, nous revivrons ces derniers jours du Christ : son dernier repas o\u00f9 Il institue l\u2019eucharistie le Jeudi Saint, sa passion et sa mort le Vendredi Saint, et sa r\u00e9surrection dans la nuit de P\u00e2ques.<\/p>\n\n\n\n<p>Belle mont\u00e9e vers P\u00e2ques \u00e0 tou(te)s.<\/p>\n","protected":false},"excerpt":{"rendered":"<p>La Semaine Sainte s\u2019ouvre par le dimanche des Rameaux et de la Passion. En ce dimanche, la messe r\u00e9unit une procession joyeuse et une messe au ton grave. Six jours [&hellip;]<\/p>\n","protected":false},"author":18,"featured_media":8331,"comment_status":"open","ping_status":"open","sticky":false,"template":"","format":"standard","meta":{"_et_pb_use_builder":"off","_et_pb_old_content":"","_et_gb_content_width":"","footnotes":""},"categories":[6],"tags":[],"class_list":["post-8326","post","type-post","status-publish","format-standard","has-post-thumbnail","hentry","category-actualite"],"_links":{"self":[{"href":"https:\/\/catholiques17.fr\/saintbernardenaunis\/wp-json\/wp\/v2\/posts\/8326","targetHints":{"allow":["GET"]}}],"collection":[{"href":"https:\/\/catholiques17.fr\/saintbernardenaunis\/wp-json\/wp\/v2\/posts"}],"about":[{"href":"https:\/\/catholiques17.fr\/saintbernardenaunis\/wp-json\/wp\/v2\/types\/post"}],"author":[{"embeddable":true,"href":"https:\/\/catholiques17.fr\/saintbernardenaunis\/wp-json\/wp\/v2\/users\/18"}],"replies":[{"embeddable":true,"href":"https:\/\/catholiques17.fr\/saintbernardenaunis\/wp-json\/wp\/v2\/comments?post=8326"}],"version-history":[{"count":1,"href":"https:\/\/catholiques17.fr\/saintbernardenaunis\/wp-json\/wp\/v2\/posts\/8326\/revisions"}],"predecessor-version":[{"id":8334,"href":"https:\/\/catholiques17.fr\/saintbernardenaunis\/wp-json\/wp\/v2\/posts\/8326\/revisions\/8334"}],"wp:featuredmedia":[{"embeddable":true,"href":"https:\/\/catholiques17.fr\/saintbernardenaunis\/wp-json\/wp\/v2\/media\/8331"}],"wp:attachment":[{"href":"https:\/\/catholiques17.fr\/saintbernardenaunis\/wp-json\/wp\/v2\/media?parent=8326"}],"wp:term":[{"taxonomy":"category","embeddable":true,"href":"https:\/\/catholiques17.fr\/saintbernardenaunis\/wp-json\/wp\/v2\/categories?post=8326"},{"taxonomy":"post_tag","embeddable":true,"href":"https:\/\/catholiques17.fr\/saintbernardenaunis\/wp-json\/wp\/v2\/tags?post=8326"}],"curies":[{"name":"wp","href":"https:\/\/api.w.org\/{rel}","templated":true}]}}