{"id":8319,"date":"2023-04-01T22:07:10","date_gmt":"2023-04-01T20:07:10","guid":{"rendered":"https:\/\/catholiques17.fr\/saintbernardenaunis\/?p=8319"},"modified":"2023-04-01T22:15:36","modified_gmt":"2023-04-01T20:15:36","slug":"grande-enquete-sur-les-familles-nous-avons-besoin-de-vous","status":"publish","type":"post","link":"https:\/\/catholiques17.fr\/saintbernardenaunis\/2023\/04\/01\/grande-enquete-sur-les-familles-nous-avons-besoin-de-vous\/","title":{"rendered":"Grande enqu\u00eate sur les familles : nous avons besoin de vous !"},"content":{"rendered":"\n<h4 class=\"wp-block-heading\"><strong>Une grande enqu\u00eate vient d&rsquo;\u00eatre lanc\u00e9e dans notre dioc\u00e8se, aupr\u00e8s des familles de Charente-Maritime ayant des enfants de moins de 18 ans.<\/strong><\/h4>\n\n\n\n<p><strong>&nbsp;Cette enqu\u00eate s&rsquo;adresse \u00e0 tous, catholiques ou non !<\/strong><\/p>\n\n\n\n<p><strong>Nous comptons sur le plus grand nombre pour y r\u00e9pondre et surtout la diffuser autour de vous, dans vos paroisses, aupr\u00e8s de famille, amis, voisins, etc.\u2026 bref, toutes personnes qui accepteraient de prendre 5 minutes pour y r\u00e9pondre.<\/strong><\/p>\n\n\n\n<p><strong>Merci \u00e0 vous de participer \u00e0 ce projet ! Les r\u00e9sultats seront connus fin juin.<\/strong><\/p>\n\n\n\n<p>Pour participer, cliquez sur <strong style=\"font-weight: bold\">ce lien :<\/strong><\/p>\n\n\n\n<p class=\"has-white-background-color has-background\"><a href=\"https:\/\/forms.gle\/RMfAMXVaAHGzkNSf8\" target=\"_blank\" rel=\"noreferrer noopener\">Je r\u00e9ponds \u00e0 l\u2019enqu\u00eate<\/a><\/p>\n","protected":false},"excerpt":{"rendered":"<p>Une grande enqu\u00eate vient d&rsquo;\u00eatre lanc\u00e9e dans notre dioc\u00e8se, aupr\u00e8s des familles de Charente-Maritime ayant des enfants de moins de 18 ans. &nbsp;Cette enqu\u00eate s&rsquo;adresse \u00e0 tous, catholiques ou non [&hellip;]<\/p>\n","protected":false},"author":18,"featured_media":8320,"comment_status":"open","ping_status":"open","sticky":false,"template":"","format":"standard","meta":{"_et_pb_use_builder":"off","_et_pb_old_content":"","_et_gb_content_width":"","footnotes":""},"categories":[6],"tags":[],"class_list":["post-8319","post","type-post","status-publish","format-standard","has-post-thumbnail","hentry","category-actualite"],"_links":{"self":[{"href":"https:\/\/catholiques17.fr\/saintbernardenaunis\/wp-json\/wp\/v2\/posts\/8319","targetHints":{"allow":["GET"]}}],"collection":[{"href":"https:\/\/catholiques17.fr\/saintbernardenaunis\/wp-json\/wp\/v2\/posts"}],"about":[{"href":"https:\/\/catholiques17.fr\/saintbernardenaunis\/wp-json\/wp\/v2\/types\/post"}],"author":[{"embeddable":true,"href":"https:\/\/catholiques17.fr\/saintbernardenaunis\/wp-json\/wp\/v2\/users\/18"}],"replies":[{"embeddable":true,"href":"https:\/\/catholiques17.fr\/saintbernardenaunis\/wp-json\/wp\/v2\/comments?post=8319"}],"version-history":[{"count":3,"href":"https:\/\/catholiques17.fr\/saintbernardenaunis\/wp-json\/wp\/v2\/posts\/8319\/revisions"}],"predecessor-version":[{"id":8325,"href":"https:\/\/catholiques17.fr\/saintbernardenaunis\/wp-json\/wp\/v2\/posts\/8319\/revisions\/8325"}],"wp:featuredmedia":[{"embeddable":true,"href":"https:\/\/catholiques17.fr\/saintbernardenaunis\/wp-json\/wp\/v2\/media\/8320"}],"wp:attachment":[{"href":"https:\/\/catholiques17.fr\/saintbernardenaunis\/wp-json\/wp\/v2\/media?parent=8319"}],"wp:term":[{"taxonomy":"category","embeddable":true,"href":"https:\/\/catholiques17.fr\/saintbernardenaunis\/wp-json\/wp\/v2\/categories?post=8319"},{"taxonomy":"post_tag","embeddable":true,"href":"https:\/\/catholiques17.fr\/saintbernardenaunis\/wp-json\/wp\/v2\/tags?post=8319"}],"curies":[{"name":"wp","href":"https:\/\/api.w.org\/{rel}","templated":true}]}}