{"id":8269,"date":"2023-03-12T17:42:25","date_gmt":"2023-03-12T16:42:25","guid":{"rendered":"https:\/\/catholiques17.fr\/saintbernardenaunis\/?p=8269"},"modified":"2023-03-12T17:43:30","modified_gmt":"2023-03-12T16:43:30","slug":"eveil-a-la-foi-autour-du-careme","status":"publish","type":"post","link":"https:\/\/catholiques17.fr\/saintbernardenaunis\/2023\/03\/12\/eveil-a-la-foi-autour-du-careme\/","title":{"rendered":"Eveil \u00e0 la foi autour du car\u00eame"},"content":{"rendered":"\n<p>Un temps de partage avec les enfants de l&rsquo;Eveil \u00e0 la Foi en ce temps de car\u00eame. <\/p>\n\n\n\n<p>Les enfants ont pr\u00e9par\u00e9 un jardin de P\u00e2ques avec leurs animatrices o\u00f9 l&rsquo;on peut voir les 3 croix sur le Golgotha et le tombeau de J\u00e9sus ferm\u00e9 par une pierre. Ce joli jardin a ensuite \u00e9t\u00e9 apport\u00e9 par les enfants \u00e0 la fin de la c\u00e9l\u00e9bration dominicale de ce 3\u00e8me dimanche de Car\u00eame \u00e0 St Sauveur d&rsquo;Aunis.<\/p>\n\n\n\n<figure class=\"wp-block-image aligncenter size-full is-resized\"><img loading=\"lazy\" decoding=\"async\" src=\"https:\/\/catholiques17.fr\/saintbernardenaunis\/wp-content\/uploads\/sites\/13\/2023\/03\/21.jpg\" alt=\"\" class=\"wp-image-8270\" width=\"297\" height=\"395\" \/><\/figure>\n\n\n\n<figure class=\"wp-block-image aligncenter size-full\"><img loading=\"lazy\" decoding=\"async\" width=\"601\" height=\"800\" src=\"https:\/\/catholiques17.fr\/saintbernardenaunis\/wp-content\/uploads\/sites\/13\/2023\/03\/20.jpg\" alt=\"\" class=\"wp-image-8272\" srcset=\"https:\/\/catholiques17.fr\/saintbernardenaunis\/wp-content\/uploads\/sites\/13\/2023\/03\/20.jpg 601w, https:\/\/catholiques17.fr\/saintbernardenaunis\/wp-content\/uploads\/sites\/13\/2023\/03\/20-480x639.jpg 480w\" sizes=\"(min-width: 0px) and (max-width: 480px) 480px, (min-width: 481px) 601px, 100vw\" \/><\/figure>\n","protected":false},"excerpt":{"rendered":"<p>Un temps de partage avec les enfants de l&rsquo;Eveil \u00e0 la Foi en ce temps de car\u00eame. Les enfants ont pr\u00e9par\u00e9 un jardin de P\u00e2ques avec leurs animatrices o\u00f9 l&rsquo;on [&hellip;]<\/p>\n","protected":false},"author":18,"featured_media":8271,"comment_status":"open","ping_status":"open","sticky":false,"template":"","format":"standard","meta":{"_et_pb_use_builder":"off","_et_pb_old_content":"","_et_gb_content_width":"","footnotes":""},"categories":[6],"tags":[],"class_list":["post-8269","post","type-post","status-publish","format-standard","has-post-thumbnail","hentry","category-actualite"],"_links":{"self":[{"href":"https:\/\/catholiques17.fr\/saintbernardenaunis\/wp-json\/wp\/v2\/posts\/8269","targetHints":{"allow":["GET"]}}],"collection":[{"href":"https:\/\/catholiques17.fr\/saintbernardenaunis\/wp-json\/wp\/v2\/posts"}],"about":[{"href":"https:\/\/catholiques17.fr\/saintbernardenaunis\/wp-json\/wp\/v2\/types\/post"}],"author":[{"embeddable":true,"href":"https:\/\/catholiques17.fr\/saintbernardenaunis\/wp-json\/wp\/v2\/users\/18"}],"replies":[{"embeddable":true,"href":"https:\/\/catholiques17.fr\/saintbernardenaunis\/wp-json\/wp\/v2\/comments?post=8269"}],"version-history":[{"count":2,"href":"https:\/\/catholiques17.fr\/saintbernardenaunis\/wp-json\/wp\/v2\/posts\/8269\/revisions"}],"predecessor-version":[{"id":8275,"href":"https:\/\/catholiques17.fr\/saintbernardenaunis\/wp-json\/wp\/v2\/posts\/8269\/revisions\/8275"}],"wp:featuredmedia":[{"embeddable":true,"href":"https:\/\/catholiques17.fr\/saintbernardenaunis\/wp-json\/wp\/v2\/media\/8271"}],"wp:attachment":[{"href":"https:\/\/catholiques17.fr\/saintbernardenaunis\/wp-json\/wp\/v2\/media?parent=8269"}],"wp:term":[{"taxonomy":"category","embeddable":true,"href":"https:\/\/catholiques17.fr\/saintbernardenaunis\/wp-json\/wp\/v2\/categories?post=8269"},{"taxonomy":"post_tag","embeddable":true,"href":"https:\/\/catholiques17.fr\/saintbernardenaunis\/wp-json\/wp\/v2\/tags?post=8269"}],"curies":[{"name":"wp","href":"https:\/\/api.w.org\/{rel}","templated":true}]}}