{"id":8010,"date":"2023-02-05T12:28:34","date_gmt":"2023-02-05T11:28:34","guid":{"rendered":"https:\/\/catholiques17.fr\/saintbernardenaunis\/?p=8010"},"modified":"2023-02-07T21:45:11","modified_gmt":"2023-02-07T20:45:11","slug":"benediction-de-la-cloche-de-leglise-de-bouhet","status":"publish","type":"post","link":"https:\/\/catholiques17.fr\/saintbernardenaunis\/2023\/02\/05\/benediction-de-la-cloche-de-leglise-de-bouhet\/","title":{"rendered":"B\u00e9n\u00e9diction de la cloche de l&rsquo;\u00e9glise de Bouhet"},"content":{"rendered":"\n<p>Beaucoup de paroissiens et une grande assembl\u00e9e pour assister \u00e0 la c\u00e9l\u00e9bration de la messe du 4 f\u00e9vrier au cours de laquelle Monseigneur Georges Colomb, \u00e9v\u00eaque de La Rochelle et Saintes, a b\u00e9ni la cloche de l&rsquo;\u00e9glise Saint Laurent de Bouhet assist\u00e9 du P\u00e8re S\u00e9suraj Alphonse, cur\u00e9 de la paroisse. <\/p>\n\n\n\n<p>La cloche, en sonnant, dit la vie de la communaut\u00e9 chr\u00e9tienne. Sa sonnerie marque le temps de la pri\u00e8re, rassemble les fid\u00e8les pour les c\u00e9l\u00e9brations, avertit des joies et des peines de chacun \u00e0 l&rsquo;occasion des bapt\u00eames, des mariages et des enterrements.<\/p>\n\n\n\n<p>Lors de son discours, Monsieur Christophe Rault, maire de Bouhet en pr\u00e9sence des \u00e9lus R\u00e9gionaux (David LABICHE), D\u00e9partementaux (Catherine DESPREZ) et intercommunaux (Jean GORIOUX, Christelle GRASSO, Thierry PILLAUD), a rappel\u00e9 que la cloche est aussi li\u00e9e \u00e0 la vie de la commune.<\/p>\n\n\n\n<p>Les adultes du foyer de vie, voisins de l&rsquo;\u00e9glise et de nombreux bouh\u00e9tais \u00e9taient \u00e9galement pr\u00e9sents dans l&rsquo;assembl\u00e9e qui regroupait ainsi plus d&rsquo;une centaine de personnes. Un bel \u00e9v\u00e8nement pour la paroisse et la vie du village.<\/p>\n\n\n\n<p>Alors quelle est l&rsquo;histoire de cette cloche pr\u00e9nomm\u00e9e Louise, du nom de sa marraine ? Louise p\u00e8se 140 kg, elle sonne en r\u00e9, elle date de 1766 et a \u00e9t\u00e9 fondue par C. GUICHARD, elle mesure 69 cm de haut et son diam\u00e8tre est de 64 cm. Cette cloche n\u2019a pas toujours appartenu \u00e0 l\u2019\u00e9glise de Bouhet : en effet, en 1766, la paroisse de Saint-Savin \u00e0 Poitiers commande au fondeur Guichard une cloche pour son \u00e9glise. Pendant la r\u00e9volution la paroisse de Saint-Savin est supprim\u00e9e et l\u2019\u00e9glise d\u00e9saffect\u00e9e. S\u2019en suivra la vente de la cloche \u00e0 la paroisse de Bouhet. Nous ne connaissons pas la date de l\u2019installation dans le campanile de Bouhet, mais le cur\u00e9 Durand dans un courrier dat\u00e9 du 23 janvier 1820 \u00e9voque la sonnerie de la cloche.<\/p>\n\n\n\n<p>La r\u00e9novation de la cloche a \u00e9t\u00e9 r\u00e9alis\u00e9e par l&rsquo;entreprise LUSSAULT de Vend\u00e9e gr\u00e2ce \u00e0 des subventions vers\u00e9es par la R\u00e9gion et le D\u00e9partement.<\/p>\n\n\n\n<figure class=\"wp-block-image aligncenter size-full\"><img loading=\"lazy\" decoding=\"async\" width=\"605\" height=\"454\" src=\"https:\/\/catholiques17.fr\/saintbernardenaunis\/wp-content\/uploads\/sites\/13\/2023\/02\/21.jpg\" alt=\"\" class=\"wp-image-8020\" srcset=\"https:\/\/catholiques17.fr\/saintbernardenaunis\/wp-content\/uploads\/sites\/13\/2023\/02\/21.jpg 605w, https:\/\/catholiques17.fr\/saintbernardenaunis\/wp-content\/uploads\/sites\/13\/2023\/02\/21-480x360.jpg 480w\" sizes=\"(min-width: 0px) and (max-width: 480px) 480px, (min-width: 481px) 605px, 100vw\" \/><\/figure>\n\n\n\n<p>Un moment rare et tr\u00e8s beau pour tous et partag\u00e9 ensemble. <\/p>\n\n\n\n<p>Ainsi, en entendant la cloche, nous nous souviendrons que nous sommes une famille, et, en \u00e9coutant son appel, nous nous rassemblerons pour manifester notre fraternit\u00e9, comme c\u2019est \u00e9crit sur le fronton de la mairie, une fraternit\u00e9 qui nous fait fr\u00e8res et s\u0153urs du Christ.<\/p>\n\n\n\n<p>Un grand <strong>Merci<\/strong> \u00e0 la mairie et aux b\u00e9n\u00e9voles pour la pr\u00e9paration de cette c\u00e9l\u00e9bration et pour le verre de l&rsquo;amiti\u00e9 servi \u00e0 l&rsquo;issue de la c\u00e9l\u00e9bration dans les locaux du groupe scolaire de Bouhet.<\/p>\n\n\n\n<figure class=\"wp-block-gallery has-nested-images columns-default is-cropped wp-block-gallery-1 is-layout-flex wp-block-gallery-is-layout-flex\">\n<figure class=\"wp-block-image size-large\"><img loading=\"lazy\" decoding=\"async\" width=\"600\" height=\"800\" data-id=\"8025\" src=\"https:\/\/catholiques17.fr\/saintbernardenaunis\/wp-content\/uploads\/sites\/13\/2023\/02\/11-1.jpg\" alt=\"\" class=\"wp-image-8025\" srcset=\"https:\/\/catholiques17.fr\/saintbernardenaunis\/wp-content\/uploads\/sites\/13\/2023\/02\/11-1.jpg 600w, https:\/\/catholiques17.fr\/saintbernardenaunis\/wp-content\/uploads\/sites\/13\/2023\/02\/11-1-480x640.jpg 480w\" sizes=\"(min-width: 0px) and (max-width: 480px) 480px, (min-width: 481px) 600px, 100vw\" \/><\/figure>\n\n\n\n<figure class=\"wp-block-image size-large\"><img loading=\"lazy\" decoding=\"async\" width=\"600\" height=\"800\" data-id=\"8024\" src=\"https:\/\/catholiques17.fr\/saintbernardenaunis\/wp-content\/uploads\/sites\/13\/2023\/02\/12-1.jpg\" alt=\"\" class=\"wp-image-8024\" srcset=\"https:\/\/catholiques17.fr\/saintbernardenaunis\/wp-content\/uploads\/sites\/13\/2023\/02\/12-1.jpg 600w, https:\/\/catholiques17.fr\/saintbernardenaunis\/wp-content\/uploads\/sites\/13\/2023\/02\/12-1-480x640.jpg 480w\" sizes=\"(min-width: 0px) and (max-width: 480px) 480px, (min-width: 481px) 600px, 100vw\" \/><\/figure>\n\n\n\n<figure class=\"wp-block-image size-large\"><img loading=\"lazy\" decoding=\"async\" width=\"601\" height=\"800\" data-id=\"8026\" src=\"https:\/\/catholiques17.fr\/saintbernardenaunis\/wp-content\/uploads\/sites\/13\/2023\/02\/18.jpg\" alt=\"\" class=\"wp-image-8026\" srcset=\"https:\/\/catholiques17.fr\/saintbernardenaunis\/wp-content\/uploads\/sites\/13\/2023\/02\/18.jpg 601w, https:\/\/catholiques17.fr\/saintbernardenaunis\/wp-content\/uploads\/sites\/13\/2023\/02\/18-480x639.jpg 480w\" sizes=\"(min-width: 0px) and (max-width: 480px) 480px, (min-width: 481px) 601px, 100vw\" \/><\/figure>\n\n\n\n<figure class=\"wp-block-image size-large\"><img loading=\"lazy\" decoding=\"async\" width=\"601\" height=\"800\" data-id=\"8027\" src=\"https:\/\/catholiques17.fr\/saintbernardenaunis\/wp-content\/uploads\/sites\/13\/2023\/02\/19-1.jpg\" alt=\"\" class=\"wp-image-8027\" srcset=\"https:\/\/catholiques17.fr\/saintbernardenaunis\/wp-content\/uploads\/sites\/13\/2023\/02\/19-1.jpg 601w, https:\/\/catholiques17.fr\/saintbernardenaunis\/wp-content\/uploads\/sites\/13\/2023\/02\/19-1-480x639.jpg 480w\" sizes=\"(min-width: 0px) and (max-width: 480px) 480px, (min-width: 481px) 601px, 100vw\" \/><\/figure>\n\n\n\n<figure class=\"wp-block-image size-large\"><img loading=\"lazy\" decoding=\"async\" width=\"601\" height=\"800\" data-id=\"8028\" src=\"https:\/\/catholiques17.fr\/saintbernardenaunis\/wp-content\/uploads\/sites\/13\/2023\/02\/20.jpg\" alt=\"\" class=\"wp-image-8028\" srcset=\"https:\/\/catholiques17.fr\/saintbernardenaunis\/wp-content\/uploads\/sites\/13\/2023\/02\/20.jpg 601w, https:\/\/catholiques17.fr\/saintbernardenaunis\/wp-content\/uploads\/sites\/13\/2023\/02\/20-480x639.jpg 480w\" sizes=\"(min-width: 0px) and (max-width: 480px) 480px, (min-width: 481px) 601px, 100vw\" \/><\/figure>\n\n\n\n<figure class=\"wp-block-image size-large\"><img loading=\"lazy\" decoding=\"async\" width=\"601\" height=\"800\" data-id=\"8029\" src=\"https:\/\/catholiques17.fr\/saintbernardenaunis\/wp-content\/uploads\/sites\/13\/2023\/02\/22.jpg\" alt=\"\" class=\"wp-image-8029\" srcset=\"https:\/\/catholiques17.fr\/saintbernardenaunis\/wp-content\/uploads\/sites\/13\/2023\/02\/22.jpg 601w, https:\/\/catholiques17.fr\/saintbernardenaunis\/wp-content\/uploads\/sites\/13\/2023\/02\/22-480x639.jpg 480w\" sizes=\"(min-width: 0px) and (max-width: 480px) 480px, (min-width: 481px) 601px, 100vw\" \/><\/figure>\n<\/figure>\n","protected":false},"excerpt":{"rendered":"<p>Beaucoup de paroissiens et une grande assembl\u00e9e pour assister \u00e0 la c\u00e9l\u00e9bration de la messe du 4 f\u00e9vrier au cours de laquelle Monseigneur Georges Colomb, \u00e9v\u00eaque de La Rochelle et [&hellip;]<\/p>\n","protected":false},"author":18,"featured_media":8021,"comment_status":"open","ping_status":"open","sticky":false,"template":"","format":"standard","meta":{"_et_pb_use_builder":"off","_et_pb_old_content":"","_et_gb_content_width":"","footnotes":""},"categories":[6],"tags":[],"class_list":["post-8010","post","type-post","status-publish","format-standard","has-post-thumbnail","hentry","category-actualite"],"_links":{"self":[{"href":"https:\/\/catholiques17.fr\/saintbernardenaunis\/wp-json\/wp\/v2\/posts\/8010","targetHints":{"allow":["GET"]}}],"collection":[{"href":"https:\/\/catholiques17.fr\/saintbernardenaunis\/wp-json\/wp\/v2\/posts"}],"about":[{"href":"https:\/\/catholiques17.fr\/saintbernardenaunis\/wp-json\/wp\/v2\/types\/post"}],"author":[{"embeddable":true,"href":"https:\/\/catholiques17.fr\/saintbernardenaunis\/wp-json\/wp\/v2\/users\/18"}],"replies":[{"embeddable":true,"href":"https:\/\/catholiques17.fr\/saintbernardenaunis\/wp-json\/wp\/v2\/comments?post=8010"}],"version-history":[{"count":18,"href":"https:\/\/catholiques17.fr\/saintbernardenaunis\/wp-json\/wp\/v2\/posts\/8010\/revisions"}],"predecessor-version":[{"id":8054,"href":"https:\/\/catholiques17.fr\/saintbernardenaunis\/wp-json\/wp\/v2\/posts\/8010\/revisions\/8054"}],"wp:featuredmedia":[{"embeddable":true,"href":"https:\/\/catholiques17.fr\/saintbernardenaunis\/wp-json\/wp\/v2\/media\/8021"}],"wp:attachment":[{"href":"https:\/\/catholiques17.fr\/saintbernardenaunis\/wp-json\/wp\/v2\/media?parent=8010"}],"wp:term":[{"taxonomy":"category","embeddable":true,"href":"https:\/\/catholiques17.fr\/saintbernardenaunis\/wp-json\/wp\/v2\/categories?post=8010"},{"taxonomy":"post_tag","embeddable":true,"href":"https:\/\/catholiques17.fr\/saintbernardenaunis\/wp-json\/wp\/v2\/tags?post=8010"}],"curies":[{"name":"wp","href":"https:\/\/api.w.org\/{rel}","templated":true}]}}