{"id":7987,"date":"2023-01-19T21:59:10","date_gmt":"2023-01-19T20:59:10","guid":{"rendered":"https:\/\/catholiques17.fr\/saintbernardenaunis\/?p=7987"},"modified":"2023-01-19T22:01:58","modified_gmt":"2023-01-19T21:01:58","slug":"messe-de-saint-hubert-a-ferrieres","status":"publish","type":"post","link":"https:\/\/catholiques17.fr\/saintbernardenaunis\/2023\/01\/19\/messe-de-saint-hubert-a-ferrieres\/","title":{"rendered":"Messe de Saint-Hubert \u00e0 Ferri\u00e8res"},"content":{"rendered":"\n<p>Ce samedi 7 janvier \u00e0 Ferri\u00e8res, le Saint Patron des chasseurs a \u00e9t\u00e9 c\u00e9l\u00e9br\u00e9 par les sonneurs en grande tenue. Ils s\u2019\u00e9taient r\u00e9unis devant l\u2019\u00e9glise de Ferri\u00e8res pour la messe traditionnelle de la Saint-Hubert. Le P\u00e8re Alphonse a ainsi c\u00e9l\u00e9br\u00e9 une tr\u00e8s belle messe durant laquelle les chasseurs ont rythm\u00e9 la liturgie avec de belles sonneries.<\/p>\n\n\n\n<p><\/p>\n\n\n\n<figure class=\"wp-block-gallery has-nested-images columns-default is-cropped wp-block-gallery-1 is-layout-flex wp-block-gallery-is-layout-flex\">\n<figure class=\"wp-block-image size-large\"><img loading=\"lazy\" decoding=\"async\" width=\"605\" height=\"405\" data-id=\"7991\" src=\"https:\/\/catholiques17.fr\/saintbernardenaunis\/wp-content\/uploads\/sites\/13\/2023\/01\/11.jpg\" alt=\"\" class=\"wp-image-7991\" srcset=\"https:\/\/catholiques17.fr\/saintbernardenaunis\/wp-content\/uploads\/sites\/13\/2023\/01\/11.jpg 605w, https:\/\/catholiques17.fr\/saintbernardenaunis\/wp-content\/uploads\/sites\/13\/2023\/01\/11-480x321.jpg 480w\" sizes=\"(min-width: 0px) and (max-width: 480px) 480px, (min-width: 481px) 605px, 100vw\" \/><\/figure>\n\n\n\n<figure class=\"wp-block-image size-large\"><img loading=\"lazy\" decoding=\"async\" width=\"605\" height=\"405\" data-id=\"7992\" src=\"https:\/\/catholiques17.fr\/saintbernardenaunis\/wp-content\/uploads\/sites\/13\/2023\/01\/12.jpg\" alt=\"\" class=\"wp-image-7992\" srcset=\"https:\/\/catholiques17.fr\/saintbernardenaunis\/wp-content\/uploads\/sites\/13\/2023\/01\/12.jpg 605w, https:\/\/catholiques17.fr\/saintbernardenaunis\/wp-content\/uploads\/sites\/13\/2023\/01\/12-480x321.jpg 480w\" sizes=\"(min-width: 0px) and (max-width: 480px) 480px, (min-width: 481px) 605px, 100vw\" \/><\/figure>\n<\/figure>\n","protected":false},"excerpt":{"rendered":"<p>Ce samedi 7 janvier \u00e0 Ferri\u00e8res, le Saint Patron des chasseurs a \u00e9t\u00e9 c\u00e9l\u00e9br\u00e9 par les sonneurs en grande tenue. Ils s\u2019\u00e9taient r\u00e9unis devant l\u2019\u00e9glise de Ferri\u00e8res pour la messe [&hellip;]<\/p>\n","protected":false},"author":18,"featured_media":7989,"comment_status":"open","ping_status":"open","sticky":false,"template":"","format":"standard","meta":{"_et_pb_use_builder":"off","_et_pb_old_content":"","_et_gb_content_width":"","footnotes":""},"categories":[6],"tags":[],"class_list":["post-7987","post","type-post","status-publish","format-standard","has-post-thumbnail","hentry","category-actualite"],"_links":{"self":[{"href":"https:\/\/catholiques17.fr\/saintbernardenaunis\/wp-json\/wp\/v2\/posts\/7987","targetHints":{"allow":["GET"]}}],"collection":[{"href":"https:\/\/catholiques17.fr\/saintbernardenaunis\/wp-json\/wp\/v2\/posts"}],"about":[{"href":"https:\/\/catholiques17.fr\/saintbernardenaunis\/wp-json\/wp\/v2\/types\/post"}],"author":[{"embeddable":true,"href":"https:\/\/catholiques17.fr\/saintbernardenaunis\/wp-json\/wp\/v2\/users\/18"}],"replies":[{"embeddable":true,"href":"https:\/\/catholiques17.fr\/saintbernardenaunis\/wp-json\/wp\/v2\/comments?post=7987"}],"version-history":[{"count":3,"href":"https:\/\/catholiques17.fr\/saintbernardenaunis\/wp-json\/wp\/v2\/posts\/7987\/revisions"}],"predecessor-version":[{"id":7994,"href":"https:\/\/catholiques17.fr\/saintbernardenaunis\/wp-json\/wp\/v2\/posts\/7987\/revisions\/7994"}],"wp:featuredmedia":[{"embeddable":true,"href":"https:\/\/catholiques17.fr\/saintbernardenaunis\/wp-json\/wp\/v2\/media\/7989"}],"wp:attachment":[{"href":"https:\/\/catholiques17.fr\/saintbernardenaunis\/wp-json\/wp\/v2\/media?parent=7987"}],"wp:term":[{"taxonomy":"category","embeddable":true,"href":"https:\/\/catholiques17.fr\/saintbernardenaunis\/wp-json\/wp\/v2\/categories?post=7987"},{"taxonomy":"post_tag","embeddable":true,"href":"https:\/\/catholiques17.fr\/saintbernardenaunis\/wp-json\/wp\/v2\/tags?post=7987"}],"curies":[{"name":"wp","href":"https:\/\/api.w.org\/{rel}","templated":true}]}}